{"id":821,"date":"2024-03-09T22:40:26","date_gmt":"2024-03-09T22:40:26","guid":{"rendered":"http:\/\/elternbeirat.flgblogs.de\/?p=821"},"modified":"2024-03-10T08:25:04","modified_gmt":"2024-03-10T08:25:04","slug":"wenn-ein-weg-nicht-funktioniert-gehen-wir-einfach-einen-anderen-eindruecke-vom-infotag-flg-2024","status":"publish","type":"post","link":"https:\/\/elternbeirat.flgblogs.de\/?p=821","title":{"rendered":"&#8222;Wenn ein Weg nicht funktioniert, gehen wir einfach einen anderen.&#8220; &#8211; Eindr\u00fccke vom InfoTag FLG 2024"},"content":{"rendered":"\n<p>Das Konzept f\u00fcr den <a href=\"https:\/\/franz-ludwig-gymnasium.de\/termin\/tag-der-offenen-tuer-2023\/\">Infotag<\/a> mit drei Info-Station im Schulhaus f\u00fcr die Eltern und einer parallelen Ralley durchs Schulhaus f\u00fcr die Sch\u00fcler:innen mit den Tutor:innen hat sich schon im <a href=\"http:\/\/elternbeirat.flgblogs.de\/?p=654\" data-type=\"post\" data-id=\"654\">letzten Jahr<\/a> bew\u00e4hrt. <\/p>\n\n\n\n<figure class=\"wp-block-gallery columns-2 is-cropped wp-block-gallery-1 is-layout-flex wp-block-gallery-is-layout-flex\"><ul class=\"blocks-gallery-grid\"><li class=\"blocks-gallery-item\"><figure><img loading=\"lazy\" decoding=\"async\" width=\"640\" height=\"448\" src=\"http:\/\/elternbeirat.flgblogs.de\/wp-content\/uploads\/2024\/03\/IMG_0968.jpg\" alt=\"\" data-id=\"827\" data-full-url=\"http:\/\/elternbeirat.flgblogs.de\/wp-content\/uploads\/2024\/03\/IMG_0968.jpg\" data-link=\"http:\/\/elternbeirat.flgblogs.de\/?attachment_id=827\" class=\"wp-image-827\" srcset=\"https:\/\/elternbeirat.flgblogs.de\/wp-content\/uploads\/2024\/03\/IMG_0968.jpg 640w, https:\/\/elternbeirat.flgblogs.de\/wp-content\/uploads\/2024\/03\/IMG_0968-300x210.jpg 300w\" sizes=\"auto, (max-width: 640px) 100vw, 640px\" \/><\/figure><\/li><li class=\"blocks-gallery-item\"><figure><img loading=\"lazy\" decoding=\"async\" width=\"640\" height=\"438\" src=\"http:\/\/elternbeirat.flgblogs.de\/wp-content\/uploads\/2024\/03\/IMG_0969.jpg\" alt=\"\" data-id=\"828\" data-full-url=\"http:\/\/elternbeirat.flgblogs.de\/wp-content\/uploads\/2024\/03\/IMG_0969.jpg\" data-link=\"http:\/\/elternbeirat.flgblogs.de\/?attachment_id=828\" class=\"wp-image-828\" srcset=\"https:\/\/elternbeirat.flgblogs.de\/wp-content\/uploads\/2024\/03\/IMG_0969.jpg 640w, https:\/\/elternbeirat.flgblogs.de\/wp-content\/uploads\/2024\/03\/IMG_0969-300x205.jpg 300w\" sizes=\"auto, (max-width: 640px) 100vw, 640px\" \/><\/figure><\/li><\/ul><\/figure>\n\n\n\n<p>Nach Begr\u00fc\u00dfung und Gruppeneinteilung durch Lehrkr\u00e4fte und Elternbeirat geht es zur ersten Station mit dem Dino in der Pausenhalle, w\u00e4hrend die Tutor:innen die Sch\u00fcler:innen in Gruppen sammeln.<\/p>\n\n\n\n<figure class=\"wp-block-gallery columns-1 wp-block-gallery-2 is-layout-flex wp-block-gallery-is-layout-flex\"><ul class=\"blocks-gallery-grid\"><li class=\"blocks-gallery-item\"><figure><img loading=\"lazy\" decoding=\"async\" width=\"640\" height=\"458\" src=\"http:\/\/elternbeirat.flgblogs.de\/wp-content\/uploads\/2024\/03\/IMG_0957.jpg\" alt=\"\" data-id=\"822\" data-full-url=\"http:\/\/elternbeirat.flgblogs.de\/wp-content\/uploads\/2024\/03\/IMG_0957.jpg\" data-link=\"http:\/\/elternbeirat.flgblogs.de\/?attachment_id=822\" class=\"wp-image-822\" srcset=\"https:\/\/elternbeirat.flgblogs.de\/wp-content\/uploads\/2024\/03\/IMG_0957.jpg 640w, https:\/\/elternbeirat.flgblogs.de\/wp-content\/uploads\/2024\/03\/IMG_0957-300x215.jpg 300w\" sizes=\"auto, (max-width: 640px) 100vw, 640px\" \/><\/figure><\/li><li class=\"blocks-gallery-item\"><figure><img loading=\"lazy\" decoding=\"async\" width=\"640\" height=\"470\" src=\"http:\/\/elternbeirat.flgblogs.de\/wp-content\/uploads\/2024\/03\/IMG_0960.jpg\" alt=\"\" data-id=\"823\" data-full-url=\"http:\/\/elternbeirat.flgblogs.de\/wp-content\/uploads\/2024\/03\/IMG_0960.jpg\" data-link=\"http:\/\/elternbeirat.flgblogs.de\/?attachment_id=823\" class=\"wp-image-823\" srcset=\"https:\/\/elternbeirat.flgblogs.de\/wp-content\/uploads\/2024\/03\/IMG_0960.jpg 640w, https:\/\/elternbeirat.flgblogs.de\/wp-content\/uploads\/2024\/03\/IMG_0960-300x220.jpg 300w\" sizes=\"auto, (max-width: 640px) 100vw, 640px\" \/><\/figure><\/li><li class=\"blocks-gallery-item\"><figure><img loading=\"lazy\" decoding=\"async\" width=\"400\" height=\"640\" src=\"http:\/\/elternbeirat.flgblogs.de\/wp-content\/uploads\/2024\/03\/IMG_0963.jpg\" alt=\"\" data-id=\"824\" data-full-url=\"http:\/\/elternbeirat.flgblogs.de\/wp-content\/uploads\/2024\/03\/IMG_0963.jpg\" data-link=\"http:\/\/elternbeirat.flgblogs.de\/?attachment_id=824\" class=\"wp-image-824\" srcset=\"https:\/\/elternbeirat.flgblogs.de\/wp-content\/uploads\/2024\/03\/IMG_0963.jpg 400w, https:\/\/elternbeirat.flgblogs.de\/wp-content\/uploads\/2024\/03\/IMG_0963-188x300.jpg 188w\" sizes=\"auto, (max-width: 400px) 100vw, 400px\" \/><\/figure><\/li><li class=\"blocks-gallery-item\"><figure><img loading=\"lazy\" decoding=\"async\" width=\"640\" height=\"470\" src=\"http:\/\/elternbeirat.flgblogs.de\/wp-content\/uploads\/2024\/03\/IMG_0967.jpg\" alt=\"\" data-id=\"826\" data-full-url=\"http:\/\/elternbeirat.flgblogs.de\/wp-content\/uploads\/2024\/03\/IMG_0967.jpg\" data-link=\"http:\/\/elternbeirat.flgblogs.de\/?attachment_id=826\" class=\"wp-image-826\" srcset=\"https:\/\/elternbeirat.flgblogs.de\/wp-content\/uploads\/2024\/03\/IMG_0967.jpg 640w, https:\/\/elternbeirat.flgblogs.de\/wp-content\/uploads\/2024\/03\/IMG_0967-300x220.jpg 300w\" sizes=\"auto, (max-width: 640px) 100vw, 640px\" \/><\/figure><\/li><\/ul><\/figure>\n\n\n\n<p>Mit Informationen zum sanften Ankommen in der Schule mit dem Dino-Projekt (Elke Peschk) und der Digitalisierung mittels IDino-Konzept (Alexa Esselbach-Schmid) sowie Informationen zum Thema Werte (Julia Behr) startete der Infotag f\u00fcr eine der drei Elterngruppen.<\/p>\n\n\n\n<div class=\"wp-block-columns is-layout-flex wp-container-core-columns-is-layout-9d6595d7 wp-block-columns-is-layout-flex\">\n<div class=\"wp-block-column is-layout-flow wp-block-column-is-layout-flow\" style=\"flex-basis:100%\">\n<div class=\"wp-block-group\"><div class=\"wp-block-group__inner-container is-layout-flow wp-block-group-is-layout-flow\">\n<div class=\"wp-block-columns is-layout-flex wp-container-core-columns-is-layout-9d6595d7 wp-block-columns-is-layout-flex\">\n<div class=\"wp-block-column is-layout-flow wp-block-column-is-layout-flow\" style=\"flex-basis:100%\">\n<figure class=\"wp-block-gallery columns-1 wp-block-gallery-3 is-layout-flex wp-block-gallery-is-layout-flex\"><ul class=\"blocks-gallery-grid\"><li class=\"blocks-gallery-item\"><figure><img loading=\"lazy\" decoding=\"async\" width=\"346\" height=\"640\" src=\"http:\/\/elternbeirat.flgblogs.de\/wp-content\/uploads\/2024\/03\/IMG_0971.jpg\" alt=\"\" data-id=\"829\" data-full-url=\"http:\/\/elternbeirat.flgblogs.de\/wp-content\/uploads\/2024\/03\/IMG_0971.jpg\" data-link=\"http:\/\/elternbeirat.flgblogs.de\/?attachment_id=829\" class=\"wp-image-829\" srcset=\"https:\/\/elternbeirat.flgblogs.de\/wp-content\/uploads\/2024\/03\/IMG_0971.jpg 346w, https:\/\/elternbeirat.flgblogs.de\/wp-content\/uploads\/2024\/03\/IMG_0971-162x300.jpg 162w\" sizes=\"auto, (max-width: 346px) 100vw, 346px\" \/><\/figure><\/li><li class=\"blocks-gallery-item\"><figure><img loading=\"lazy\" decoding=\"async\" width=\"640\" height=\"322\" src=\"http:\/\/elternbeirat.flgblogs.de\/wp-content\/uploads\/2024\/03\/IMG_0974.jpg\" alt=\"\" data-id=\"830\" data-full-url=\"http:\/\/elternbeirat.flgblogs.de\/wp-content\/uploads\/2024\/03\/IMG_0974.jpg\" data-link=\"http:\/\/elternbeirat.flgblogs.de\/?attachment_id=830\" class=\"wp-image-830\" srcset=\"https:\/\/elternbeirat.flgblogs.de\/wp-content\/uploads\/2024\/03\/IMG_0974.jpg 640w, https:\/\/elternbeirat.flgblogs.de\/wp-content\/uploads\/2024\/03\/IMG_0974-300x151.jpg 300w\" sizes=\"auto, (max-width: 640px) 100vw, 640px\" \/><\/figure><\/li><li class=\"blocks-gallery-item\"><figure><img loading=\"lazy\" decoding=\"async\" width=\"640\" height=\"382\" src=\"http:\/\/elternbeirat.flgblogs.de\/wp-content\/uploads\/2024\/03\/IMG_0975.jpg\" alt=\"\" data-id=\"831\" data-full-url=\"http:\/\/elternbeirat.flgblogs.de\/wp-content\/uploads\/2024\/03\/IMG_0975.jpg\" data-link=\"http:\/\/elternbeirat.flgblogs.de\/?attachment_id=831\" class=\"wp-image-831\" srcset=\"https:\/\/elternbeirat.flgblogs.de\/wp-content\/uploads\/2024\/03\/IMG_0975.jpg 640w, https:\/\/elternbeirat.flgblogs.de\/wp-content\/uploads\/2024\/03\/IMG_0975-300x179.jpg 300w\" sizes=\"auto, (max-width: 640px) 100vw, 640px\" \/><\/figure><\/li><\/ul><\/figure>\n<\/div>\n<\/div>\n<\/div><\/div>\n<\/div>\n<\/div>\n\n\n\n<p>An einer weiteren Station in der Aula stellte Saskia Hofmeister als Schulleiterin die Historie der Schule vor.<\/p>\n\n\n\n<figure class=\"wp-block-gallery columns-1 wp-block-gallery-4 is-layout-flex wp-block-gallery-is-layout-flex\"><ul class=\"blocks-gallery-grid\"><li class=\"blocks-gallery-item\"><figure><img loading=\"lazy\" decoding=\"async\" width=\"640\" height=\"414\" src=\"http:\/\/elternbeirat.flgblogs.de\/wp-content\/uploads\/2024\/03\/IMG_0985.jpg\" alt=\"\" data-id=\"837\" data-full-url=\"http:\/\/elternbeirat.flgblogs.de\/wp-content\/uploads\/2024\/03\/IMG_0985.jpg\" data-link=\"http:\/\/elternbeirat.flgblogs.de\/?attachment_id=837\" class=\"wp-image-837\" srcset=\"https:\/\/elternbeirat.flgblogs.de\/wp-content\/uploads\/2024\/03\/IMG_0985.jpg 640w, https:\/\/elternbeirat.flgblogs.de\/wp-content\/uploads\/2024\/03\/IMG_0985-300x194.jpg 300w\" sizes=\"auto, (max-width: 640px) 100vw, 640px\" \/><\/figure><\/li><li class=\"blocks-gallery-item\"><figure><img loading=\"lazy\" decoding=\"async\" width=\"426\" height=\"640\" src=\"http:\/\/elternbeirat.flgblogs.de\/wp-content\/uploads\/2024\/03\/IMG_0977.jpg\" alt=\"\" data-id=\"832\" data-full-url=\"http:\/\/elternbeirat.flgblogs.de\/wp-content\/uploads\/2024\/03\/IMG_0977.jpg\" data-link=\"http:\/\/elternbeirat.flgblogs.de\/?attachment_id=832\" class=\"wp-image-832\" srcset=\"https:\/\/elternbeirat.flgblogs.de\/wp-content\/uploads\/2024\/03\/IMG_0977.jpg 426w, https:\/\/elternbeirat.flgblogs.de\/wp-content\/uploads\/2024\/03\/IMG_0977-200x300.jpg 200w\" sizes=\"auto, (max-width: 426px) 100vw, 426px\" \/><\/figure><\/li><li class=\"blocks-gallery-item\"><figure><img loading=\"lazy\" decoding=\"async\" width=\"1024\" height=\"681\" src=\"http:\/\/elternbeirat.flgblogs.de\/wp-content\/uploads\/2024\/03\/IMG_0978-1024x681.jpg\" alt=\"\" data-id=\"833\" data-full-url=\"http:\/\/elternbeirat.flgblogs.de\/wp-content\/uploads\/2024\/03\/IMG_0978.jpg\" data-link=\"http:\/\/elternbeirat.flgblogs.de\/?attachment_id=833\" class=\"wp-image-833\" srcset=\"https:\/\/elternbeirat.flgblogs.de\/wp-content\/uploads\/2024\/03\/IMG_0978-1024x681.jpg 1024w, https:\/\/elternbeirat.flgblogs.de\/wp-content\/uploads\/2024\/03\/IMG_0978-300x200.jpg 300w, https:\/\/elternbeirat.flgblogs.de\/wp-content\/uploads\/2024\/03\/IMG_0978-768x511.jpg 768w, https:\/\/elternbeirat.flgblogs.de\/wp-content\/uploads\/2024\/03\/IMG_0978.jpg 1036w\" sizes=\"auto, (max-width: 1024px) 100vw, 1024px\" \/><\/figure><\/li><\/ul><\/figure>\n\n\n\n<p>Informationen zur Sprachenwahl (Dietmar Absch und Karl-Heinz Grau), den Themen Natur und Technik (Stefan G\u00e4rtig) sowie der Begabungsorientierung (Jens-Peter Kurzella) gaben einen intensiven Einblick in das p\u00e4dagogische Konzept der Schule. <\/p>\n\n\n\n<figure class=\"wp-block-image size-large\"><img loading=\"lazy\" decoding=\"async\" width=\"640\" height=\"362\" src=\"http:\/\/elternbeirat.flgblogs.de\/wp-content\/uploads\/2024\/03\/IMG_0982.jpg\" alt=\"\" class=\"wp-image-835\" srcset=\"https:\/\/elternbeirat.flgblogs.de\/wp-content\/uploads\/2024\/03\/IMG_0982.jpg 640w, https:\/\/elternbeirat.flgblogs.de\/wp-content\/uploads\/2024\/03\/IMG_0982-300x170.jpg 300w\" sizes=\"auto, (max-width: 640px) 100vw, 640px\" \/><\/figure>\n\n\n\n<figure class=\"wp-block-image size-large\"><img loading=\"lazy\" decoding=\"async\" width=\"1024\" height=\"594\" src=\"http:\/\/elternbeirat.flgblogs.de\/wp-content\/uploads\/2024\/03\/IMG_0984-1024x594.jpg\" alt=\"\" class=\"wp-image-855\" srcset=\"https:\/\/elternbeirat.flgblogs.de\/wp-content\/uploads\/2024\/03\/IMG_0984-1024x594.jpg 1024w, https:\/\/elternbeirat.flgblogs.de\/wp-content\/uploads\/2024\/03\/IMG_0984-300x174.jpg 300w, https:\/\/elternbeirat.flgblogs.de\/wp-content\/uploads\/2024\/03\/IMG_0984-768x446.jpg 768w, https:\/\/elternbeirat.flgblogs.de\/wp-content\/uploads\/2024\/03\/IMG_0984-1140x662.jpg 1140w, https:\/\/elternbeirat.flgblogs.de\/wp-content\/uploads\/2024\/03\/IMG_0984.jpg 1461w\" sizes=\"auto, (max-width: 1024px) 100vw, 1024px\" \/><\/figure>\n\n\n\n<figure class=\"wp-block-image size-large\"><img loading=\"lazy\" decoding=\"async\" width=\"640\" height=\"310\" src=\"http:\/\/elternbeirat.flgblogs.de\/wp-content\/uploads\/2024\/03\/IMG_0986.jpg\" alt=\"\" class=\"wp-image-838\" srcset=\"https:\/\/elternbeirat.flgblogs.de\/wp-content\/uploads\/2024\/03\/IMG_0986.jpg 640w, https:\/\/elternbeirat.flgblogs.de\/wp-content\/uploads\/2024\/03\/IMG_0986-300x145.jpg 300w\" sizes=\"auto, (max-width: 640px) 100vw, 640px\" \/><\/figure>\n\n\n\n<p>An der dritten Station pr\u00e4sentierten Elternbeirat Uwe Krebs, die drei Sch\u00fclersprecherinnen Nelli Kaiser, Carla H\u00f6chtl und Ayleen Zebunke und die Schulpsychologin Susanne Heim aus ihren Perspektiven die Schule.<\/p>\n\n\n\n<figure class=\"wp-block-gallery columns-1 wp-block-gallery-5 is-layout-flex wp-block-gallery-is-layout-flex\"><ul class=\"blocks-gallery-grid\"><li class=\"blocks-gallery-item\"><figure><img loading=\"lazy\" decoding=\"async\" width=\"640\" height=\"480\" src=\"http:\/\/elternbeirat.flgblogs.de\/wp-content\/uploads\/2024\/03\/IMG_0988.jpg\" alt=\"\" data-id=\"840\" data-full-url=\"http:\/\/elternbeirat.flgblogs.de\/wp-content\/uploads\/2024\/03\/IMG_0988.jpg\" data-link=\"http:\/\/elternbeirat.flgblogs.de\/?attachment_id=840\" class=\"wp-image-840\" srcset=\"https:\/\/elternbeirat.flgblogs.de\/wp-content\/uploads\/2024\/03\/IMG_0988.jpg 640w, https:\/\/elternbeirat.flgblogs.de\/wp-content\/uploads\/2024\/03\/IMG_0988-300x225.jpg 300w\" sizes=\"auto, (max-width: 640px) 100vw, 640px\" \/><\/figure><\/li><li class=\"blocks-gallery-item\"><figure><img loading=\"lazy\" decoding=\"async\" width=\"640\" height=\"350\" src=\"http:\/\/elternbeirat.flgblogs.de\/wp-content\/uploads\/2024\/03\/IMG_0990.jpg\" alt=\"\" data-id=\"841\" data-full-url=\"http:\/\/elternbeirat.flgblogs.de\/wp-content\/uploads\/2024\/03\/IMG_0990.jpg\" data-link=\"http:\/\/elternbeirat.flgblogs.de\/?attachment_id=841\" class=\"wp-image-841\" srcset=\"https:\/\/elternbeirat.flgblogs.de\/wp-content\/uploads\/2024\/03\/IMG_0990.jpg 640w, https:\/\/elternbeirat.flgblogs.de\/wp-content\/uploads\/2024\/03\/IMG_0990-300x164.jpg 300w\" sizes=\"auto, (max-width: 640px) 100vw, 640px\" \/><\/figure><\/li><li class=\"blocks-gallery-item\"><figure><img loading=\"lazy\" decoding=\"async\" width=\"640\" height=\"480\" src=\"http:\/\/elternbeirat.flgblogs.de\/wp-content\/uploads\/2024\/03\/IMG_0997.jpg\" alt=\"\" data-id=\"843\" data-full-url=\"http:\/\/elternbeirat.flgblogs.de\/wp-content\/uploads\/2024\/03\/IMG_0997.jpg\" data-link=\"http:\/\/elternbeirat.flgblogs.de\/?attachment_id=843\" class=\"wp-image-843\" srcset=\"https:\/\/elternbeirat.flgblogs.de\/wp-content\/uploads\/2024\/03\/IMG_0997.jpg 640w, https:\/\/elternbeirat.flgblogs.de\/wp-content\/uploads\/2024\/03\/IMG_0997-300x225.jpg 300w\" sizes=\"auto, (max-width: 640px) 100vw, 640px\" \/><\/figure><\/li><li class=\"blocks-gallery-item\"><figure><img loading=\"lazy\" decoding=\"async\" width=\"640\" height=\"350\" src=\"http:\/\/elternbeirat.flgblogs.de\/wp-content\/uploads\/2024\/03\/IMG_0998.jpg\" alt=\"\" data-id=\"844\" data-full-url=\"http:\/\/elternbeirat.flgblogs.de\/wp-content\/uploads\/2024\/03\/IMG_0998.jpg\" data-link=\"http:\/\/elternbeirat.flgblogs.de\/?attachment_id=844\" class=\"wp-image-844\" srcset=\"https:\/\/elternbeirat.flgblogs.de\/wp-content\/uploads\/2024\/03\/IMG_0998.jpg 640w, https:\/\/elternbeirat.flgblogs.de\/wp-content\/uploads\/2024\/03\/IMG_0998-300x164.jpg 300w\" sizes=\"auto, (max-width: 640px) 100vw, 640px\" \/><\/figure><\/li><li class=\"blocks-gallery-item\"><figure><img loading=\"lazy\" decoding=\"async\" width=\"430\" height=\"640\" src=\"http:\/\/elternbeirat.flgblogs.de\/wp-content\/uploads\/2024\/03\/IMG_1001.jpg\" alt=\"\" data-id=\"845\" data-full-url=\"http:\/\/elternbeirat.flgblogs.de\/wp-content\/uploads\/2024\/03\/IMG_1001.jpg\" data-link=\"http:\/\/elternbeirat.flgblogs.de\/?attachment_id=845\" class=\"wp-image-845\" srcset=\"https:\/\/elternbeirat.flgblogs.de\/wp-content\/uploads\/2024\/03\/IMG_1001.jpg 430w, https:\/\/elternbeirat.flgblogs.de\/wp-content\/uploads\/2024\/03\/IMG_1001-202x300.jpg 202w\" sizes=\"auto, (max-width: 430px) 100vw, 430px\" \/><\/figure><\/li><li class=\"blocks-gallery-item\"><figure><img loading=\"lazy\" decoding=\"async\" width=\"640\" height=\"412\" src=\"http:\/\/elternbeirat.flgblogs.de\/wp-content\/uploads\/2024\/03\/IMG_1005.jpg\" alt=\"\" data-id=\"848\" data-full-url=\"http:\/\/elternbeirat.flgblogs.de\/wp-content\/uploads\/2024\/03\/IMG_1005.jpg\" data-link=\"http:\/\/elternbeirat.flgblogs.de\/?attachment_id=848\" class=\"wp-image-848\" srcset=\"https:\/\/elternbeirat.flgblogs.de\/wp-content\/uploads\/2024\/03\/IMG_1005.jpg 640w, https:\/\/elternbeirat.flgblogs.de\/wp-content\/uploads\/2024\/03\/IMG_1005-300x193.jpg 300w\" sizes=\"auto, (max-width: 640px) 100vw, 640px\" \/><\/figure><\/li><\/ul><\/figure>\n\n\n\n<p>Uwe Krebs schloss seinen Beitrag \u00fcber die Erfahrungen als Elternbeirat mit drei Empfehlungen an die Eltern ab:<\/p>\n\n\n\n<ul class=\"wp-block-list\"><li>In Bamberg kann man sich nicht f\u00fcr ein falsches Gymnasium entscheiden. Der einzige, dann allerdings gro\u00dfe Fehler w\u00e4re, das Kind nicht aktiv in die Entscheidung einzubinden.<\/li><li>Kinder bleiben nicht F\u00fcnftkl\u00e4sser. Ihre Bed\u00fcrfnisse entwickeln sich weiter. Eltern m\u00fcssen nicht jedes Unterrichtsfach beherrschen. Sp\u00e4ter lernen die Jugendlichen lieber mit anderen oder mit dem Internet.<\/li><li>Sprachen sind gerade f\u00fcr technisch gepr\u00e4gte Menschen wegen der Internationalit\u00e4t der Themengebiete wichtig.<\/li><\/ul>\n\n\n\n<p>Als Vater von inzwischen drei Kindern am FLG konnte er final hinweisen: <strong>Qualit\u00e4t ist,  wenn der Kunde wiederkommt.<\/strong><\/p>\n\n\n\n<figure class=\"wp-block-gallery columns-1 is-cropped wp-block-gallery-6 is-layout-flex wp-block-gallery-is-layout-flex\"><ul class=\"blocks-gallery-grid\"><li class=\"blocks-gallery-item\"><figure><img loading=\"lazy\" decoding=\"async\" width=\"640\" height=\"264\" src=\"http:\/\/elternbeirat.flgblogs.de\/wp-content\/uploads\/2024\/03\/IMG_1014.jpg\" alt=\"\" data-id=\"851\" data-full-url=\"http:\/\/elternbeirat.flgblogs.de\/wp-content\/uploads\/2024\/03\/IMG_1014.jpg\" data-link=\"http:\/\/elternbeirat.flgblogs.de\/?attachment_id=851\" class=\"wp-image-851\" srcset=\"https:\/\/elternbeirat.flgblogs.de\/wp-content\/uploads\/2024\/03\/IMG_1014.jpg 640w, https:\/\/elternbeirat.flgblogs.de\/wp-content\/uploads\/2024\/03\/IMG_1014-300x124.jpg 300w\" sizes=\"auto, (max-width: 640px) 100vw, 640px\" \/><\/figure><\/li><\/ul><\/figure>\n\n\n\n<p>Mit dem schon traditionellen Verkauf von Wei\u00dfw\u00fcrsten, Laugengeb\u00e4ck und Getr\u00e4nken unterst\u00fctzte der Elternbeirat die Versorgung der interessierten Besucher:innen.<\/p>\n\n\n\n<p>Wir hoffen, dass die potentiellen Sch\u00fcler:innen mit ihren Eltern einen guten Eindruck von der Schule sammeln konnten. <\/p>\n\n\n\n<p>Wir vom Elternbeirat k\u00f6nnen uns Jens-Peter Kurzella und seiner Beschreibung der Begabungsorientierung am FLG auf alle F\u00e4lle anschlie\u00dfen:<\/p>\n\n\n\n<p><strong>&#8222;Wenn ein Weg nicht funktioniert, gehen wir einfach einen anderen.&#8220; <\/strong><\/p>\n\n\n\n<p>Herzlichen Dank an alle, die mitgeholfen haben, dass sich die Schule ganzheitlich \u00fcberzeugend den vielen interessierten Besucher:innen zeigen konnte. <br><\/p>\n\n\n\n<p>Alle Infos zum Infotag gibt es auch als <a href=\"https:\/\/padlet.com\/FLG_Bamberg\/infotag-digital-2024-tjf14jti20c8dync\">digitales Padlet<\/a>.<\/p>\n","protected":false},"excerpt":{"rendered":"<p>Das Konzept f\u00fcr den Infotag mit drei Info-Station im Schulhaus f\u00fcr die Eltern und einer parallelen Ralley durchs Schulhaus f\u00fcr die Sch\u00fcler:innen mit den Tutor:innen hat sich schon im letzten Jahr bew\u00e4hrt. Nach Begr\u00fc\u00dfung und Gruppeneinteilung durch Lehrkr\u00e4fte und Elternbeirat geht es zur ersten Station mit dem Dino in der Pausenhalle, w\u00e4hrend die Tutor:innen die Sch\u00fcler:innen in Gruppen sammeln. Mit Informationen zum sanften Ankommen in der Schule mit dem Dino-Projekt (Elke Peschk) und der Digitalisierung mittels IDino-Konzept (Alexa Esselbach-Schmid) sowie Informationen zum Thema Werte (Julia Behr) startete der Infotag f\u00fcr eine der drei Elterngruppen. An einer weiteren Station in der Aula stellte Saskia Hofmeister als Schulleiterin die Historie der Schule vor. Informationen zur Sprachenwahl (Dietmar Absch und Karl-Heinz Grau), den Themen Natur und Technik (Stefan G\u00e4rtig) sowie der Begabungsorientierung (Jens-Peter Kurzella) gaben einen intensiven Einblick in das p\u00e4dagogische Konzept der Schule. An der dritten Station pr\u00e4sentierten Elternbeirat Uwe Krebs, die drei Sch\u00fclersprecherinnen Nelli Kaiser, Carla H\u00f6chtl und Ayleen Zebunke und die Schulpsychologin Susanne Heim aus ihren Perspektiven die Schule. Uwe Krebs schloss seinen Beitrag \u00fcber die Erfahrungen als Elternbeirat mit drei Empfehlungen an die Eltern ab: In Bamberg kann man sich nicht f\u00fcr ein falsches Gymnasium entscheiden. Der einzige, dann allerdings gro\u00dfe Fehler w\u00e4re, das Kind nicht aktiv in die Entscheidung einzubinden. Kinder bleiben nicht F\u00fcnftkl\u00e4sser. Ihre Bed\u00fcrfnisse entwickeln sich weiter. Eltern m\u00fcssen nicht jedes Unterrichtsfach beherrschen. Sp\u00e4ter lernen die Jugendlichen lieber mit anderen oder mit dem Internet. Sprachen sind gerade f\u00fcr technisch gepr\u00e4gte Menschen wegen der Internationalit\u00e4t der Themengebiete wichtig. Als Vater von inzwischen drei Kindern am FLG konnte er final hinweisen: Qualit\u00e4t ist, wenn der Kunde wiederkommt. Mit dem schon traditionellen Verkauf von Wei\u00dfw\u00fcrsten, Laugengeb\u00e4ck und Getr\u00e4nken unterst\u00fctzte der Elternbeirat die Versorgung der interessierten Besucher:innen. Wir hoffen, dass die potentiellen Sch\u00fcler:innen mit ihren Eltern einen guten Eindruck von der Schule sammeln konnten. Wir vom Elternbeirat k\u00f6nnen uns Jens-Peter Kurzella und seiner Beschreibung der Begabungsorientierung am FLG auf alle F\u00e4lle anschlie\u00dfen: &#8222;Wenn ein Weg nicht funktioniert, gehen wir einfach einen anderen.&#8220; Herzlichen Dank an alle, die mitgeholfen haben, dass sich die Schule ganzheitlich \u00fcberzeugend den vielen interessierten Besucher:innen zeigen konnte. Alle Infos zum Infotag gibt es auch als digitales Padlet.<\/p>\n","protected":false},"author":1,"featured_media":825,"comment_status":"open","ping_status":"open","sticky":false,"template":"","format":"standard","meta":{"footnotes":""},"categories":[49,51,8,7],"tags":[47,64,26,63,42,66,65,34],"class_list":["post-821","post","type-post","status-publish","format-standard","has-post-thumbnail","hentry","category-ak-kommunikation","category-ak-veranstaltungen","category-aktuelles","category-information","tag-elternbeirat","tag-flg","tag-information","tag-infotag","tag-kommunikation","tag-schule","tag-schulgemeinschaft","tag-tag-der-offenen-tuer"],"_links":{"self":[{"href":"https:\/\/elternbeirat.flgblogs.de\/index.php?rest_route=\/wp\/v2\/posts\/821","targetHints":{"allow":["GET"]}}],"collection":[{"href":"https:\/\/elternbeirat.flgblogs.de\/index.php?rest_route=\/wp\/v2\/posts"}],"about":[{"href":"https:\/\/elternbeirat.flgblogs.de\/index.php?rest_route=\/wp\/v2\/types\/post"}],"author":[{"embeddable":true,"href":"https:\/\/elternbeirat.flgblogs.de\/index.php?rest_route=\/wp\/v2\/users\/1"}],"replies":[{"embeddable":true,"href":"https:\/\/elternbeirat.flgblogs.de\/index.php?rest_route=%2Fwp%2Fv2%2Fcomments&post=821"}],"version-history":[{"count":16,"href":"https:\/\/elternbeirat.flgblogs.de\/index.php?rest_route=\/wp\/v2\/posts\/821\/revisions"}],"predecessor-version":[{"id":870,"href":"https:\/\/elternbeirat.flgblogs.de\/index.php?rest_route=\/wp\/v2\/posts\/821\/revisions\/870"}],"wp:featuredmedia":[{"embeddable":true,"href":"https:\/\/elternbeirat.flgblogs.de\/index.php?rest_route=\/wp\/v2\/media\/825"}],"wp:attachment":[{"href":"https:\/\/elternbeirat.flgblogs.de\/index.php?rest_route=%2Fwp%2Fv2%2Fmedia&parent=821"}],"wp:term":[{"taxonomy":"category","embeddable":true,"href":"https:\/\/elternbeirat.flgblogs.de\/index.php?rest_route=%2Fwp%2Fv2%2Fcategories&post=821"},{"taxonomy":"post_tag","embeddable":true,"href":"https:\/\/elternbeirat.flgblogs.de\/index.php?rest_route=%2Fwp%2Fv2%2Ftags&post=821"}],"curies":[{"name":"wp","href":"https:\/\/api.w.org\/{rel}","templated":true}]}}