{"id":700,"date":"2023-07-05T04:28:28","date_gmt":"2023-07-05T04:28:28","guid":{"rendered":"http:\/\/elternbeirat.flgblogs.de\/?p=700"},"modified":"2023-07-05T08:30:16","modified_gmt":"2023-07-05T08:30:16","slug":"schulinterne-fortbildung-digitaler-zwilling","status":"publish","type":"post","link":"https:\/\/elternbeirat.flgblogs.de\/?p=700","title":{"rendered":"Schulinterne Fortbildung &#8218;Digitaler Zwilling&#8216;"},"content":{"rendered":"\n<p>Nach dem Piloten mit den <a href=\"http:\/\/elternbeirat.flgblogs.de\/?p=676\" data-type=\"post\" data-id=\"676\">Elternbeir\u00e4ten<\/a> im April haben am 03. Juli 2023 f\u00fcnf Lehrer:innen die Einladung zum MedialMonday angenommen.<\/p>\n\n\n\n<figure class=\"wp-block-image size-large\"><img loading=\"lazy\" decoding=\"async\" width=\"810\" height=\"1024\" src=\"http:\/\/elternbeirat.flgblogs.de\/wp-content\/uploads\/2023\/07\/image-3-810x1024.png\" alt=\"\" class=\"wp-image-706\" srcset=\"https:\/\/elternbeirat.flgblogs.de\/wp-content\/uploads\/2023\/07\/image-3-810x1024.png 810w, https:\/\/elternbeirat.flgblogs.de\/wp-content\/uploads\/2023\/07\/image-3-237x300.png 237w, https:\/\/elternbeirat.flgblogs.de\/wp-content\/uploads\/2023\/07\/image-3-768x970.png 768w, https:\/\/elternbeirat.flgblogs.de\/wp-content\/uploads\/2023\/07\/image-3-1140x1440.png 1140w, https:\/\/elternbeirat.flgblogs.de\/wp-content\/uploads\/2023\/07\/image-3.png 1184w\" sizes=\"auto, (max-width: 810px) 100vw, 810px\" \/><\/figure>\n\n\n\n<p>Nach dem gegeseitigen Begutachten der digitalen Zwillinge in Zweiergruppen ergab sich eine sehr interessante Diskussion. Hier wurde besonders deutlich, dass zwischen dem Schutz der Kommunikationsformen zwischen Lehrer:innen mit Sch\u00fcler:innen bzw. Eltern \u00fcber gesicherte Plattformen und \u00f6ffentlichen Aktivit\u00e4ten in Social-Media Plattformen strikt und sehr bewu\u00dft differenziert werden muss, aber auch differenziert werden kann.<\/p>\n\n\n\n<figure class=\"wp-block-image size-large\"><img loading=\"lazy\" decoding=\"async\" width=\"1024\" height=\"737\" src=\"http:\/\/elternbeirat.flgblogs.de\/wp-content\/uploads\/2023\/07\/image-1024x737.png\" alt=\"\" class=\"wp-image-701\" srcset=\"https:\/\/elternbeirat.flgblogs.de\/wp-content\/uploads\/2023\/07\/image-1024x737.png 1024w, https:\/\/elternbeirat.flgblogs.de\/wp-content\/uploads\/2023\/07\/image-300x216.png 300w, https:\/\/elternbeirat.flgblogs.de\/wp-content\/uploads\/2023\/07\/image-768x553.png 768w, https:\/\/elternbeirat.flgblogs.de\/wp-content\/uploads\/2023\/07\/image-1536x1105.png 1536w, https:\/\/elternbeirat.flgblogs.de\/wp-content\/uploads\/2023\/07\/image-1140x820.png 1140w, https:\/\/elternbeirat.flgblogs.de\/wp-content\/uploads\/2023\/07\/image.png 1968w\" sizes=\"auto, (max-width: 1024px) 100vw, 1024px\" \/><\/figure>\n\n\n\n<p>Das Feedback am Ende der 90 Minuten hat ermutigt im September noch einmal einen solchen Abend f\u00fcr weitere interessierte Lehrer:innen anzubieten und die Ideen f\u00fcr &#8218;\u00fcbersichtliche, kleine Schritte&#8216; bzw. der Umsetzung f\u00fcr nicht personalisierte Profile (z. B. f\u00fcr die Figur des Dino aus dem <a href=\"https:\/\/www.youtube.com\/channel\/UCGQi0I0QXkChHwm7kh3QSDA\">YouTube-Kanal des FLG<\/a>) weiter zu entwickeln. Der AK Kommunikation und Berufsorientierung, sowie der AK Digitale Kompetenzen bieten sich daf\u00fcr ideal an.<\/p>\n","protected":false},"excerpt":{"rendered":"<p>Nach dem Piloten mit den Elternbeir\u00e4ten im April haben am 03. Juli 2023 f\u00fcnf Lehrer:innen die Einladung zum MedialMonday angenommen. Nach dem gegeseitigen Begutachten der digitalen Zwillinge in Zweiergruppen ergab sich eine sehr interessante Diskussion. Hier wurde besonders deutlich, dass zwischen dem Schutz der Kommunikationsformen zwischen Lehrer:innen mit Sch\u00fcler:innen bzw. Eltern \u00fcber gesicherte Plattformen und \u00f6ffentlichen Aktivit\u00e4ten in Social-Media Plattformen strikt und sehr bewu\u00dft differenziert werden muss, aber auch differenziert werden kann. Das Feedback am Ende der 90 Minuten hat ermutigt im September noch einmal einen solchen Abend f\u00fcr weitere interessierte Lehrer:innen anzubieten und die Ideen f\u00fcr &#8218;\u00fcbersichtliche, kleine Schritte&#8216; bzw. der Umsetzung f\u00fcr nicht personalisierte Profile (z. B. f\u00fcr die Figur des Dino aus dem YouTube-Kanal des FLG) weiter zu entwickeln. Der AK Kommunikation und Berufsorientierung, sowie der AK Digitale Kompetenzen bieten sich daf\u00fcr ideal an.<\/p>\n","protected":false},"author":1,"featured_media":703,"comment_status":"open","ping_status":"open","sticky":false,"template":"","format":"standard","meta":{"footnotes":""},"categories":[49],"tags":[],"class_list":["post-700","post","type-post","status-publish","format-standard","has-post-thumbnail","hentry","category-ak-kommunikation"],"_links":{"self":[{"href":"https:\/\/elternbeirat.flgblogs.de\/index.php?rest_route=\/wp\/v2\/posts\/700","targetHints":{"allow":["GET"]}}],"collection":[{"href":"https:\/\/elternbeirat.flgblogs.de\/index.php?rest_route=\/wp\/v2\/posts"}],"about":[{"href":"https:\/\/elternbeirat.flgblogs.de\/index.php?rest_route=\/wp\/v2\/types\/post"}],"author":[{"embeddable":true,"href":"https:\/\/elternbeirat.flgblogs.de\/index.php?rest_route=\/wp\/v2\/users\/1"}],"replies":[{"embeddable":true,"href":"https:\/\/elternbeirat.flgblogs.de\/index.php?rest_route=%2Fwp%2Fv2%2Fcomments&post=700"}],"version-history":[{"count":4,"href":"https:\/\/elternbeirat.flgblogs.de\/index.php?rest_route=\/wp\/v2\/posts\/700\/revisions"}],"predecessor-version":[{"id":709,"href":"https:\/\/elternbeirat.flgblogs.de\/index.php?rest_route=\/wp\/v2\/posts\/700\/revisions\/709"}],"wp:featuredmedia":[{"embeddable":true,"href":"https:\/\/elternbeirat.flgblogs.de\/index.php?rest_route=\/wp\/v2\/media\/703"}],"wp:attachment":[{"href":"https:\/\/elternbeirat.flgblogs.de\/index.php?rest_route=%2Fwp%2Fv2%2Fmedia&parent=700"}],"wp:term":[{"taxonomy":"category","embeddable":true,"href":"https:\/\/elternbeirat.flgblogs.de\/index.php?rest_route=%2Fwp%2Fv2%2Fcategories&post=700"},{"taxonomy":"post_tag","embeddable":true,"href":"https:\/\/elternbeirat.flgblogs.de\/index.php?rest_route=%2Fwp%2Fv2%2Ftags&post=700"}],"curies":[{"name":"wp","href":"https:\/\/api.w.org\/{rel}","templated":true}]}}