{"id":1391,"date":"2026-03-07T18:43:00","date_gmt":"2026-03-07T18:43:00","guid":{"rendered":"https:\/\/elternbeirat.flgblogs.de\/?p=1391"},"modified":"2026-04-27T19:20:20","modified_gmt":"2026-04-27T19:20:20","slug":"wieviel-debatte-haelt-eine-demokratie-aus-podiumsdiskussion-mit-der-q12","status":"publish","type":"post","link":"https:\/\/elternbeirat.flgblogs.de\/?p=1391","title":{"rendered":"Wieviel Debatte h\u00e4lt eine Demokratie aus? \u2013 Podiumsdiskussion mit der Q12"},"content":{"rendered":"\n<p>Am Mittwoch, den 4. M\u00e4rz 2026, f\u00fcllte sich die historische Aula des Franz-Ludwig-Gymnasiums mit einer besonderen Energie: Der&nbsp;<strong>AK Demokratie des Elternbeirats<\/strong>&nbsp;lud alle Sch\u00fclerinnen und Sch\u00fcler der Q12 zur Wertediskussion&nbsp;<strong>\u201ePolitischer Diskurs heute&#8220;<\/strong>&nbsp;ein \u2013 und die Frage, die im Raum stand, h\u00e4tte aktueller kaum sein k\u00f6nnen:&nbsp;<strong>Wieviel Debatte h\u00e4lt eine Demokratie aus?<\/strong><\/p>\n\n\n\n<figure class=\"wp-block-image size-large\"><img loading=\"lazy\" decoding=\"async\" width=\"1024\" height=\"768\" src=\"http:\/\/elternbeirat.flgblogs.de\/wp-content\/uploads\/2026\/04\/image-20260304-153731-902-1024x768.jpeg\" alt=\"\" class=\"wp-image-1395\" srcset=\"https:\/\/elternbeirat.flgblogs.de\/wp-content\/uploads\/2026\/04\/image-20260304-153731-902-1024x768.jpeg 1024w, https:\/\/elternbeirat.flgblogs.de\/wp-content\/uploads\/2026\/04\/image-20260304-153731-902-300x225.jpeg 300w, https:\/\/elternbeirat.flgblogs.de\/wp-content\/uploads\/2026\/04\/image-20260304-153731-902-768x576.jpeg 768w, https:\/\/elternbeirat.flgblogs.de\/wp-content\/uploads\/2026\/04\/image-20260304-153731-902-1536x1152.jpeg 1536w, https:\/\/elternbeirat.flgblogs.de\/wp-content\/uploads\/2026\/04\/image-20260304-153731-902-1140x855.jpeg 1140w, https:\/\/elternbeirat.flgblogs.de\/wp-content\/uploads\/2026\/04\/image-20260304-153731-902.jpeg 1600w\" sizes=\"auto, (max-width: 1024px) 100vw, 1024px\" \/><\/figure>\n\n\n\n<p><\/p>\n\n\n\n<p>Auf dem Podium nahmen neben der Moderatorin Franca Heinsch zwei G\u00e4ste Platz, die das Thema aus sehr unterschiedlichen Perspektiven beleuchteten:<\/p>\n\n\n\n<ul class=\"wp-block-list\">\n<li><strong>Prof. Dr. Hektor Haark\u00f6tter<\/strong>, Medien- und Kommunikationswissenschaftler (ehemaliger FLG-Sch\u00fcler)<\/li>\n\n\n\n<li><strong>Katja Auer<\/strong>, Journalistin und stellvertretende Ressorleiterin f\u00fcr M\u00fcnchen, Region und Bayern bei der S\u00fcddeutschen Zeitung<\/li>\n<\/ul>\n\n\n\n<p>In 90 lebhaften Minuten wurde \u00fcber politischen Diskurs in allen Medien gesprochen \u2013 und ganz konkret dar\u00fcber, wie man als junger W\u00e4hler oder junge W\u00e4hlerin mit den Kommentaren und der Kommunikation der Parteien umgehen kann. Ein zentrales Ergebnis der Diskussion: Unterschiedliche Meinungen sind nicht nur normal \u2013 sie sind unabh\u00e4ngig von der Person das Wesen der Demokratie.<\/p>\n\n\n\n<p>Besonders beeindruckend war ein \u00fcberraschend ehrliches Bild, das die Sch\u00fclerinnen und Sch\u00fcler von sich selbst zeichneten: Fast alle 18-J\u00e4hrigen, die bei der Kommunalwahl wahlberechtigt waren, wollten tats\u00e4chlich&nbsp;<strong>w\u00e4hlen gehen<\/strong>\u2013 und hatten sich vorher fundiert informiert. Nicht nur \u00fcber schnelle Social-Media-H\u00e4ppchen, sondern indem sie sich ernsthaft mit den Wahlprogrammen der Parteien auseinandergesetzt hatten. Das ist keine Selbstverst\u00e4ndlichkeit \u2013 und macht Mut.<\/p>\n\n\n\n<figure class=\"wp-block-image size-large\"><img loading=\"lazy\" decoding=\"async\" width=\"1024\" height=\"768\" src=\"http:\/\/elternbeirat.flgblogs.de\/wp-content\/uploads\/2026\/04\/image-20260304-153731-794-1024x768.jpeg\" alt=\"\" class=\"wp-image-1394\" srcset=\"https:\/\/elternbeirat.flgblogs.de\/wp-content\/uploads\/2026\/04\/image-20260304-153731-794-1024x768.jpeg 1024w, https:\/\/elternbeirat.flgblogs.de\/wp-content\/uploads\/2026\/04\/image-20260304-153731-794-300x225.jpeg 300w, https:\/\/elternbeirat.flgblogs.de\/wp-content\/uploads\/2026\/04\/image-20260304-153731-794-768x576.jpeg 768w, https:\/\/elternbeirat.flgblogs.de\/wp-content\/uploads\/2026\/04\/image-20260304-153731-794-1536x1152.jpeg 1536w, https:\/\/elternbeirat.flgblogs.de\/wp-content\/uploads\/2026\/04\/image-20260304-153731-794-1140x855.jpeg 1140w, https:\/\/elternbeirat.flgblogs.de\/wp-content\/uploads\/2026\/04\/image-20260304-153731-794.jpeg 1600w\" sizes=\"auto, (max-width: 1024px) 100vw, 1024px\" \/><\/figure>\n\n\n\n<p><\/p>\n\n\n\n<p>Nach der Podiumsrunde \u00f6ffnete sich die Diskussion f\u00fcr alle Anwesenden. Die Sch\u00fclerinnen und Sch\u00fcler nutzten die Gelegenheit rege, eigene Fragen und Perspektiven einzubringen.<\/p>\n\n\n\n<p>Der AK Demokratie hat anderthalb Jahre auf diesen Moment hingearbeitet. Das Ergebnis war eine Veranstaltung, die zeigt, was Demokratieerziehung in der Schule leisten kann: echten Austausch, auf Augenh\u00f6he, mit Menschen, die Demokratie t\u00e4glich mitgestalten.<\/p>\n\n\n\n<p>Wir freuen uns sehr, dass diese Veranstaltung so gut gelungen ist \u2013 und freuen uns auf weitere gemeinsame Projekte mit unseren Referentinnen und Referenten!<\/p>\n\n\n\n<hr class=\"wp-block-separator has-alpha-channel-opacity\"\/>\n\n\n\n<p><em>Der AK Demokratie besteht aus Eltern, Sch\u00fclerinnen und Sch\u00fclern sowie Lehrkr\u00e4ften des FLG. Aktiv dabei sind u.a. Franca Heinsch (Leiterin), Bertram Dillig, Benno Pfuhlmann, Johanna Hornfeck, Franz Ullrich, Matthias Schwarzmann, die Sch\u00fclersprecherin Nelli Kaiser und Carla H\u00f6chtl sowie Julia Behr als Beauftragte f\u00fcr Demokratieerziehung.<\/em><\/p>\n","protected":false},"excerpt":{"rendered":"<p>Am Mittwoch, den 4. M\u00e4rz 2026, f\u00fcllte sich die historische Aula des Franz-Ludwig-Gymnasiums mit einer besonderen Energie: Der&nbsp;AK Demokratie des Elternbeirats&nbsp;lud alle Sch\u00fclerinnen und Sch\u00fcler der Q12 zur Wertediskussion&nbsp;\u201ePolitischer Diskurs heute&#8220;&nbsp;ein \u2013 und die Frage, die im Raum stand, h\u00e4tte aktueller kaum sein k\u00f6nnen:&nbsp;Wieviel Debatte h\u00e4lt eine Demokratie aus? Auf dem Podium nahmen neben der Moderatorin Franca Heinsch zwei G\u00e4ste Platz, die das Thema aus sehr unterschiedlichen Perspektiven beleuchteten: In 90 lebhaften Minuten wurde \u00fcber politischen Diskurs in allen Medien gesprochen \u2013 und ganz konkret dar\u00fcber, wie man als junger W\u00e4hler oder junge W\u00e4hlerin mit den Kommentaren und der Kommunikation der Parteien umgehen kann. Ein zentrales Ergebnis der Diskussion: Unterschiedliche Meinungen sind nicht nur normal \u2013 sie sind unabh\u00e4ngig von der Person das Wesen der Demokratie. Besonders beeindruckend war ein \u00fcberraschend ehrliches Bild, das die Sch\u00fclerinnen und Sch\u00fcler von sich selbst zeichneten: Fast alle 18-J\u00e4hrigen, die bei der Kommunalwahl wahlberechtigt waren, wollten tats\u00e4chlich&nbsp;w\u00e4hlen gehen\u2013 und hatten sich vorher fundiert informiert. Nicht nur \u00fcber schnelle Social-Media-H\u00e4ppchen, sondern indem sie sich ernsthaft mit den Wahlprogrammen der Parteien auseinandergesetzt hatten. Das ist keine Selbstverst\u00e4ndlichkeit \u2013 und macht Mut. Nach der Podiumsrunde \u00f6ffnete sich die Diskussion f\u00fcr alle Anwesenden. Die Sch\u00fclerinnen und Sch\u00fcler nutzten die Gelegenheit rege, eigene Fragen und Perspektiven einzubringen. Der AK Demokratie hat anderthalb Jahre auf diesen Moment hingearbeitet. Das Ergebnis war eine Veranstaltung, die zeigt, was Demokratieerziehung in der Schule leisten kann: echten Austausch, auf Augenh\u00f6he, mit Menschen, die Demokratie t\u00e4glich mitgestalten. Wir freuen uns sehr, dass diese Veranstaltung so gut gelungen ist \u2013 und freuen uns auf weitere gemeinsame Projekte mit unseren Referentinnen und Referenten! Der AK Demokratie besteht aus Eltern, Sch\u00fclerinnen und Sch\u00fclern sowie Lehrkr\u00e4ften des FLG. Aktiv dabei sind u.a. Franca Heinsch (Leiterin), Bertram Dillig, Benno Pfuhlmann, Johanna Hornfeck, Franz Ullrich, Matthias Schwarzmann, die Sch\u00fclersprecherin Nelli Kaiser und Carla H\u00f6chtl sowie Julia Behr als Beauftragte f\u00fcr Demokratieerziehung.<\/p>\n","protected":false},"author":1,"featured_media":1393,"comment_status":"open","ping_status":"open","sticky":false,"template":"","format":"standard","meta":{"footnotes":""},"categories":[75,49,8],"tags":[],"class_list":["post-1391","post","type-post","status-publish","format-standard","has-post-thumbnail","hentry","category-ak-demokratierziehung-politische-bildung","category-ak-kommunikation","category-aktuelles"],"_links":{"self":[{"href":"https:\/\/elternbeirat.flgblogs.de\/index.php?rest_route=\/wp\/v2\/posts\/1391","targetHints":{"allow":["GET"]}}],"collection":[{"href":"https:\/\/elternbeirat.flgblogs.de\/index.php?rest_route=\/wp\/v2\/posts"}],"about":[{"href":"https:\/\/elternbeirat.flgblogs.de\/index.php?rest_route=\/wp\/v2\/types\/post"}],"author":[{"embeddable":true,"href":"https:\/\/elternbeirat.flgblogs.de\/index.php?rest_route=\/wp\/v2\/users\/1"}],"replies":[{"embeddable":true,"href":"https:\/\/elternbeirat.flgblogs.de\/index.php?rest_route=%2Fwp%2Fv2%2Fcomments&post=1391"}],"version-history":[{"count":5,"href":"https:\/\/elternbeirat.flgblogs.de\/index.php?rest_route=\/wp\/v2\/posts\/1391\/revisions"}],"predecessor-version":[{"id":1406,"href":"https:\/\/elternbeirat.flgblogs.de\/index.php?rest_route=\/wp\/v2\/posts\/1391\/revisions\/1406"}],"wp:featuredmedia":[{"embeddable":true,"href":"https:\/\/elternbeirat.flgblogs.de\/index.php?rest_route=\/wp\/v2\/media\/1393"}],"wp:attachment":[{"href":"https:\/\/elternbeirat.flgblogs.de\/index.php?rest_route=%2Fwp%2Fv2%2Fmedia&parent=1391"}],"wp:term":[{"taxonomy":"category","embeddable":true,"href":"https:\/\/elternbeirat.flgblogs.de\/index.php?rest_route=%2Fwp%2Fv2%2Fcategories&post=1391"},{"taxonomy":"post_tag","embeddable":true,"href":"https:\/\/elternbeirat.flgblogs.de\/index.php?rest_route=%2Fwp%2Fv2%2Ftags&post=1391"}],"curies":[{"name":"wp","href":"https:\/\/api.w.org\/{rel}","templated":true}]}}