{"id":1217,"date":"2025-08-12T13:47:29","date_gmt":"2025-08-12T13:47:29","guid":{"rendered":"http:\/\/elternbeirat.flgblogs.de\/?p=1217"},"modified":"2025-08-12T13:47:29","modified_gmt":"2025-08-12T13:47:29","slug":"it-arbeiten-in-den-sommerferien","status":"publish","type":"post","link":"https:\/\/elternbeirat.flgblogs.de\/?p=1217","title":{"rendered":"IT-Arbeiten in den Sommerferien"},"content":{"rendered":"\n<p>Die Unterst\u00fctzung der Schule im Bereich digitaler Medien fand in der ersten Woche der Sommerferien 2025 in einer besonders greifbaren Form statt:<\/p>\n\n\n\n<p>In zwei Nachmittagseins\u00e4tzen halfen zw\u00f6lf flei\u00dfige H\u00e4nde des Elternbeirates, die IT-Ausstattung der Klassenzimmer f\u00fcr das n\u00e4chste Schuljahr vorzubereiten.<\/p>\n\n\n\n<figure class=\"wp-block-image size-large\"><img loading=\"lazy\" decoding=\"async\" width=\"957\" height=\"1024\" src=\"https:\/\/elternbeirat.flgblogs.de\/wp-content\/uploads\/2025\/08\/image2-957x1024.png\" alt=\"\" class=\"wp-image-1218\" srcset=\"https:\/\/elternbeirat.flgblogs.de\/wp-content\/uploads\/2025\/08\/image2-957x1024.png 957w, https:\/\/elternbeirat.flgblogs.de\/wp-content\/uploads\/2025\/08\/image2-280x300.png 280w, https:\/\/elternbeirat.flgblogs.de\/wp-content\/uploads\/2025\/08\/image2-768x822.png 768w, https:\/\/elternbeirat.flgblogs.de\/wp-content\/uploads\/2025\/08\/image2-1435x1536.png 1435w, https:\/\/elternbeirat.flgblogs.de\/wp-content\/uploads\/2025\/08\/image2-1140x1220.png 1140w, https:\/\/elternbeirat.flgblogs.de\/wp-content\/uploads\/2025\/08\/image2.png 1495w\" sizes=\"auto, (max-width: 957px) 100vw, 957px\" \/><\/figure>\n\n\n\n<p>Unter fachkundiger Anleitung von StD J. Schmidthammer wurden in einigen&nbsp; Klassenr\u00e4umen im Hauptbau, im R\u00fcckbau, im Neubau sowie in zwei Fachr\u00e4umen das Equipment auf Vollst\u00e4ndigkeit gepr\u00fcft, gegebenenfalls erg\u00e4nzt, gereinigt und die Verkabelung \u00fcbersichtlich und wartungsfreundlich erneuert.<\/p>\n\n\n\n<p>In Kombination mit Beamer und Audioanlage stehen in diesen R\u00e4umen nun durchg\u00e4ngig Dokumentenkamera, Computer und ein Medienadapter f\u00fcr den Anschluss von Tablets f\u00fcr den Unterricht zur Verf\u00fcgung. Einen besonderen Fokus legte Herr Schmidthammer bei der jetzigen Ausf\u00fchrung auf eine klare und standardisierte&nbsp;Anordnung von Ger\u00e4ten und Leitungen, sodass die Nutzenden verst\u00e4ndliche und einheitliche Bedingungen vorfinden und die Ausstattung so bestm\u00f6glich einsetzen k\u00f6nnen.<\/p>\n\n\n\n<p>Bertram Dillig, Sprecher des AK Digitales\/ Medienkompetenz <\/p>\n","protected":false},"excerpt":{"rendered":"<p>Die Unterst\u00fctzung der Schule im Bereich digitaler Medien fand in der ersten Woche der Sommerferien 2025 in einer besonders greifbaren Form statt: In zwei Nachmittagseins\u00e4tzen halfen zw\u00f6lf flei\u00dfige H\u00e4nde des Elternbeirates, die IT-Ausstattung der Klassenzimmer f\u00fcr das n\u00e4chste Schuljahr vorzubereiten. Unter fachkundiger Anleitung von StD J. Schmidthammer wurden in einigen&nbsp; Klassenr\u00e4umen im Hauptbau, im R\u00fcckbau, im Neubau sowie in zwei Fachr\u00e4umen das Equipment auf Vollst\u00e4ndigkeit gepr\u00fcft, gegebenenfalls erg\u00e4nzt, gereinigt und die Verkabelung \u00fcbersichtlich und wartungsfreundlich erneuert. In Kombination mit Beamer und Audioanlage stehen in diesen R\u00e4umen nun durchg\u00e4ngig Dokumentenkamera, Computer und ein Medienadapter f\u00fcr den Anschluss von Tablets f\u00fcr den Unterricht zur Verf\u00fcgung. Einen besonderen Fokus legte Herr Schmidthammer bei der jetzigen Ausf\u00fchrung auf eine klare und standardisierte&nbsp;Anordnung von Ger\u00e4ten und Leitungen, sodass die Nutzenden verst\u00e4ndliche und einheitliche Bedingungen vorfinden und die Ausstattung so bestm\u00f6glich einsetzen k\u00f6nnen. Bertram Dillig, Sprecher des AK Digitales\/ Medienkompetenz<\/p>\n","protected":false},"author":1,"featured_media":1219,"comment_status":"open","ping_status":"open","sticky":false,"template":"","format":"standard","meta":{"footnotes":""},"categories":[74,8,7],"tags":[],"class_list":["post-1217","post","type-post","status-publish","format-standard","has-post-thumbnail","hentry","category-ak-digitales-medienkompetenz","category-aktuelles","category-information"],"_links":{"self":[{"href":"https:\/\/elternbeirat.flgblogs.de\/index.php?rest_route=\/wp\/v2\/posts\/1217","targetHints":{"allow":["GET"]}}],"collection":[{"href":"https:\/\/elternbeirat.flgblogs.de\/index.php?rest_route=\/wp\/v2\/posts"}],"about":[{"href":"https:\/\/elternbeirat.flgblogs.de\/index.php?rest_route=\/wp\/v2\/types\/post"}],"author":[{"embeddable":true,"href":"https:\/\/elternbeirat.flgblogs.de\/index.php?rest_route=\/wp\/v2\/users\/1"}],"replies":[{"embeddable":true,"href":"https:\/\/elternbeirat.flgblogs.de\/index.php?rest_route=%2Fwp%2Fv2%2Fcomments&post=1217"}],"version-history":[{"count":5,"href":"https:\/\/elternbeirat.flgblogs.de\/index.php?rest_route=\/wp\/v2\/posts\/1217\/revisions"}],"predecessor-version":[{"id":1224,"href":"https:\/\/elternbeirat.flgblogs.de\/index.php?rest_route=\/wp\/v2\/posts\/1217\/revisions\/1224"}],"wp:featuredmedia":[{"embeddable":true,"href":"https:\/\/elternbeirat.flgblogs.de\/index.php?rest_route=\/wp\/v2\/media\/1219"}],"wp:attachment":[{"href":"https:\/\/elternbeirat.flgblogs.de\/index.php?rest_route=%2Fwp%2Fv2%2Fmedia&parent=1217"}],"wp:term":[{"taxonomy":"category","embeddable":true,"href":"https:\/\/elternbeirat.flgblogs.de\/index.php?rest_route=%2Fwp%2Fv2%2Fcategories&post=1217"},{"taxonomy":"post_tag","embeddable":true,"href":"https:\/\/elternbeirat.flgblogs.de\/index.php?rest_route=%2Fwp%2Fv2%2Ftags&post=1217"}],"curies":[{"name":"wp","href":"https:\/\/api.w.org\/{rel}","templated":true}]}}