{"id":1191,"date":"2025-05-29T21:58:12","date_gmt":"2025-05-29T21:58:12","guid":{"rendered":"http:\/\/elternbeirat.flgblogs.de\/?p=1191"},"modified":"2025-06-04T20:23:12","modified_gmt":"2025-06-04T20:23:12","slug":"2-kes-versammlung-am-27-05-2025-austausch-ausblicke-und-anregungen","status":"publish","type":"post","link":"https:\/\/elternbeirat.flgblogs.de\/?p=1191","title":{"rendered":"2. KES-Versammlung am 27.05.2025: Austausch, Ausblicke und Anregungen"},"content":{"rendered":"\n<p>Am Dienstagabend trafen sich rund&nbsp;<strong>30 Klassenelternsprecher:innen<\/strong>, Mitglieder des Elternbeirats sowie die Schulleiterin Frau&nbsp;<strong>Saskia Hofmeister<\/strong>&nbsp;zur&nbsp;<strong>zweiten virtuellen KES-Versammlung<\/strong>&nbsp;des Schuljahres. Im Zentrum stand der offene Austausch zu aktuellen Themen sowie die Information \u00fcber schulische Entwicklungen und Projekte.<\/p>\n\n\n\n<p>Bei der Vorstellungsrunde nannten die Klassenelternsprecher:innen drei Themen, die derzeit besonders besch\u00e4ftigen:<\/p>\n\n\n\n<ul class=\"wp-block-list\"><li><strong>Zusammenlegung von Klassen<\/strong><\/li><li><strong>Abholen der Kinder<\/strong><\/li><li><strong>Sch\u00fcleraustauschprogramme<\/strong><\/li><\/ul>\n\n\n\n<p>Diese Punkte bildeten den Rahmen f\u00fcr den einst\u00fcndigen Austausch.<\/p>\n\n\n\n<hr class=\"wp-block-separator\"\/>\n\n\n\n<p><strong>Bericht der Schulleitung: Viel Bewegung am FLG<\/strong><\/p>\n\n\n\n<p>Frau Hofmeister informierte anfangs \u00fcber aktuelle Entwicklungen:<\/p>\n\n\n\n<ul class=\"wp-block-list\"><li>\u00dcber das genaue <strong>Vorgehen der Zusammenlegung<\/strong> werden die Eltern zeitnah von Joachim Bickel informiert.<\/li><li>Die\u00a0<strong>Verkabelung des Schulgeb\u00e4udes<\/strong>\u00a0zur Verbesserung der IT-Infrastruktur ist auf gutem Weg.<\/li><li>Die\u00a0<strong>Staatsexamenspr\u00fcfungen<\/strong>\u00a0sind abgeschlossen \u2013 das FLG freut sich \u00fcber\u00a0<strong>acht neue Lehrer:innen<\/strong>, die die bayerische Lehrer:innenschaft ab dem kommenden Schuljahr verst\u00e4rken werden.<\/li><li>Das\u00a0<strong>Sommerfest<\/strong>, als alkoholfreies Schulfest, findet am\u00a0<strong>29.07.2025<\/strong>\u00a0statt \u2013 ein Highlight f\u00fcr die gesamte Schulgemeinschaft. <\/li><\/ul>\n\n\n\n<hr class=\"wp-block-separator\"\/>\n\n\n\n<p><strong>Digitalisierung und Organisation<\/strong><\/p>\n\n\n\n<ul class=\"wp-block-list\"><li>Mit der geplanten Einf\u00fchrung eines&nbsp;<strong>Mobile Device Managements \u201eJamf\u201c<\/strong>&nbsp;f\u00fcr die mobilen Sch\u00fclerendger\u00e4te soll das Lernen im 1:1-Setting deutlich effizienter werden.<\/li><li>F\u00fcr Eltern der kommenden&nbsp;<strong>5. Klassen<\/strong>&nbsp;findet im Juli eine Infoveranstaltung zum iPad-Einsatz statt.<\/li><\/ul>\n\n\n\n<hr class=\"wp-block-separator\"\/>\n\n\n\n<p><strong>Sch\u00fcleraustausch: Chancen und Herausforderungen<\/strong><\/p>\n\n\n\n<p>Das Thema Sch\u00fcleraustausch wurde intensiv diskutiert \u2013 mit wertvollen Erfahrungsberichten und konkreten Verbesserungsvorschl\u00e4gen:<\/p>\n\n\n\n<ul class=\"wp-block-list\"><li>Der England-Austausch einer anderen Schule nach&nbsp;<strong>Broadstairs<\/strong>&nbsp;wurde positiv bewertet \u2013 vor allem wegen der Option,&nbsp;<strong>zu zweit in eine Gastfamilie<\/strong>&nbsp;zu gehen.<\/li><li>Die Idee eines&nbsp;<strong>Deutsch-Griechischen-Abends<\/strong>&nbsp;zur interkulturellen Begegnung wurde angeregt.<\/li><li>Beim Sommerfest k\u00f6nnte eine&nbsp;<strong>Fotowand<\/strong>&nbsp;Einblicke in vergangene Austauschfahrten geben.<\/li><\/ul>\n\n\n\n<p>Auch Herausforderungen wurden thematisiert \u2013 erg\u00e4nzt durch R\u00fcckmeldungen nach der Sitzung:<\/p>\n\n\n\n<ul class=\"wp-block-list\"><li>Einige Sch\u00fcler:innen&nbsp;<strong>scheuen \u00dcbernachtungen in fremden Familien<\/strong>&nbsp;oder m\u00f6chten selbst keine G\u00e4ste aufnehmen \u2013 teils wegen Unsicherheiten in Sprache, Alltag oder Verantwortung.<\/li><li>Die&nbsp;<strong>Belastung w\u00e4hrend der Austauschwochen<\/strong>&nbsp;wurde kritisch angesprochen: lange Schultage, Tests und fehlende Entlastung trotz zus\u00e4tzlicher Verpflichtungen im Austausch.<\/li><li>Eine entsprechende Planung der Woche \u2013 z.\u202fB.&nbsp;<strong>Verzicht auf Tests und Klassenarbeiten<\/strong>&nbsp;\u2013 wurde angeregt.<\/li><\/ul>\n\n\n\n<p class=\"has-text-align-left\">Ein konkreter Vorschlag: in den&nbsp;<strong>10. Klassen vorab eine Q&amp;A-Stunde mit ehemaligen Austauschsch\u00fcler:innen<\/strong>&nbsp;anzubieten \u2013 mit Zeit f\u00fcr offene Fragen und ehrliche Erfahrungsberichte.<\/p>\n\n\n\n<hr class=\"wp-block-separator\"\/>\n\n\n\n<p><strong>Weitere Hinweise aus der Sitzung<\/strong><\/p>\n\n\n\n<ul class=\"wp-block-list\"><li>Die Elternbeirate k\u00fcndigten einen&nbsp;<strong>&nbsp;Spendenbrief an,&nbsp;<\/strong>der nach den Pfingstferien als Elternbrief verschickt wird. Der Elternbeirat bitte um Unterst\u00fctzung, die hilft Schulprojekte zu realisieren.<\/li><li>Auf das&nbsp;<strong>MINT-Zentrum Hirschaid<\/strong>&nbsp;wurde hingewiesen (<a href=\"https:\/\/mint-zentrum-hirschaid.de\/\">mint-zentrum-hirschaid.de<\/a>), das mit dem innovativen&nbsp;<strong>TUMO-Konzept<\/strong>&nbsp;neue Wege der au\u00dferschulischen Bildung geht.<\/li><li>Der&nbsp;<strong>AK Demokratie<\/strong>&nbsp;empfiehlt die Teilnahme am&nbsp;<strong>Hackathon \u201eMach Halt!\u201c<\/strong>&nbsp;am&nbsp;<strong>17.\/18.10. 2025<\/strong>, ein spannendes Format f\u00fcr alle gesellschaftlichen Gruppen zur kreativen Auseinandersetzung mit demokratischen Themen (<a href=\"https:\/\/www.eventbrite.com\/e\/mach-halt-tickets-1372166369549\">Event-Link<\/a>).<\/li><\/ul>\n\n\n\n<hr class=\"wp-block-separator\"\/>\n\n\n\n<p><strong>Zum Thema Abholen der Kinder<\/strong><\/p>\n\n\n\n<p>In der konstruktiven Diskussion rund um die Situation beim Abholen von erkrankten Kindern w\u00e4hrend des Unterrichts hat Saskia Hofmeister nochmals die geltende Regelung zur Befreiung bei Krankheit in Erinnerung gerufen, die sie zuletzt im Oktoberbrief (Seite 8) an die Eltern geschickt hat:<\/p>\n\n\n\n<blockquote class=\"wp-block-quote is-layout-flow wp-block-quote-is-layout-flow\"><p><em>\u201eBei Erkrankung w\u00e4hrend der Unterrichtszeit m\u00fcssen sich Sch\u00fclerinnen und Sch\u00fcler im Sekretariat durch die Schulleitung befreien lassen. Sie d\u00fcrfen das Schulhaus nur dann verlassen, wenn Eltern oder von ihnen Beauftragte das Kind abholen oder mit dem Weggang einverstanden sind (ab Jgs. 7). Eine Entschuldigung per Elternportal ist in diesem Fall nicht m\u00f6glich. Bitte best\u00e4tigen Sie auf dem ausgestellten Formular, dass Sie von der Befreiung Kenntnis genommen haben, und leiten dieses umgehend an das Sekretariat zur\u00fcck.\u201c<\/em><\/p><cite>Oktoberbrief der Schulleitung,  Seite 8<\/cite><\/blockquote>\n\n\n\n<p>Die Schulleiterin richtet an die Klassenelternsprecher:innen noch einmal die Bitte, erkrankte Kinder erst gar nicht in die Schule zu schicken, um das Infektionsrisiko f\u00fcr die Mitsch\u00fcler:innen zu minimieren.<\/p>\n\n\n\n<hr class=\"wp-block-separator\"\/>\n\n\n\n<p><strong>Herzlichen Dank<\/strong>&nbsp;an alle Teilnehmenden f\u00fcr das Engagement, die Offenheit und die vielen konstruktiven Impulse \u2013 f\u00fcr ein lebendiges, zukunftsorientiertes Schulleben! Wir freuen uns auf das pers\u00f6nliche Treffen am Schulfest, diesmal am <strong>Dienstag, den 29.07.2025<\/strong>.<\/p>\n\n\n\n<p><em>Hinweis: Dieser Beitrag wurde auf Basis der Mitschrift im Chat mit Unterst\u00fctzung von ChatGPT (OpenAI) erstellt und redaktionell \u00fcberarbeitet.<\/em><\/p>\n","protected":false},"excerpt":{"rendered":"<p>Am Dienstagabend trafen sich rund&nbsp;30 Klassenelternsprecher:innen, Mitglieder des Elternbeirats sowie die Schulleiterin Frau&nbsp;Saskia Hofmeister&nbsp;zur&nbsp;zweiten virtuellen KES-Versammlung&nbsp;des Schuljahres. Im Zentrum stand der offene Austausch zu aktuellen Themen sowie die Information \u00fcber schulische Entwicklungen und Projekte. Bei der Vorstellungsrunde nannten die Klassenelternsprecher:innen drei Themen, die derzeit besonders besch\u00e4ftigen: Zusammenlegung von Klassen Abholen der Kinder Sch\u00fcleraustauschprogramme Diese Punkte bildeten den Rahmen f\u00fcr den einst\u00fcndigen Austausch. Bericht der Schulleitung: Viel Bewegung am FLG Frau Hofmeister informierte anfangs \u00fcber aktuelle Entwicklungen: \u00dcber das genaue Vorgehen der Zusammenlegung werden die Eltern zeitnah von Joachim Bickel informiert. Die\u00a0Verkabelung des Schulgeb\u00e4udes\u00a0zur Verbesserung der IT-Infrastruktur ist auf gutem Weg. Die\u00a0Staatsexamenspr\u00fcfungen\u00a0sind abgeschlossen \u2013 das FLG freut sich \u00fcber\u00a0acht neue Lehrer:innen, die die bayerische Lehrer:innenschaft ab dem kommenden Schuljahr verst\u00e4rken werden. Das\u00a0Sommerfest, als alkoholfreies Schulfest, findet am\u00a029.07.2025\u00a0statt \u2013 ein Highlight f\u00fcr die gesamte Schulgemeinschaft. Digitalisierung und Organisation Mit der geplanten Einf\u00fchrung eines&nbsp;Mobile Device Managements \u201eJamf\u201c&nbsp;f\u00fcr die mobilen Sch\u00fclerendger\u00e4te soll das Lernen im 1:1-Setting deutlich effizienter werden. F\u00fcr Eltern der kommenden&nbsp;5. Klassen&nbsp;findet im Juli eine Infoveranstaltung zum iPad-Einsatz statt. Sch\u00fcleraustausch: Chancen und Herausforderungen Das Thema Sch\u00fcleraustausch wurde intensiv diskutiert \u2013 mit wertvollen Erfahrungsberichten und konkreten Verbesserungsvorschl\u00e4gen: Der England-Austausch einer anderen Schule nach&nbsp;Broadstairs&nbsp;wurde positiv bewertet \u2013 vor allem wegen der Option,&nbsp;zu zweit in eine Gastfamilie&nbsp;zu gehen. Die Idee eines&nbsp;Deutsch-Griechischen-Abends&nbsp;zur interkulturellen Begegnung wurde angeregt. Beim Sommerfest k\u00f6nnte eine&nbsp;Fotowand&nbsp;Einblicke in vergangene Austauschfahrten geben. Auch Herausforderungen wurden thematisiert \u2013 erg\u00e4nzt durch R\u00fcckmeldungen nach der Sitzung: Einige Sch\u00fcler:innen&nbsp;scheuen \u00dcbernachtungen in fremden Familien&nbsp;oder m\u00f6chten selbst keine G\u00e4ste aufnehmen \u2013 teils wegen Unsicherheiten in Sprache, Alltag oder Verantwortung. Die&nbsp;Belastung w\u00e4hrend der Austauschwochen&nbsp;wurde kritisch angesprochen: lange Schultage, Tests und fehlende Entlastung trotz zus\u00e4tzlicher Verpflichtungen im Austausch. Eine entsprechende Planung der Woche \u2013 z.\u202fB.&nbsp;Verzicht auf Tests und Klassenarbeiten&nbsp;\u2013 wurde angeregt. Ein konkreter Vorschlag: in den&nbsp;10. Klassen vorab eine Q&amp;A-Stunde mit ehemaligen Austauschsch\u00fcler:innen&nbsp;anzubieten \u2013 mit Zeit f\u00fcr offene Fragen und ehrliche Erfahrungsberichte. Weitere Hinweise aus der Sitzung Die Elternbeirate k\u00fcndigten einen&nbsp;&nbsp;Spendenbrief an,&nbsp;der nach den Pfingstferien als Elternbrief verschickt wird. Der Elternbeirat bitte um Unterst\u00fctzung, die hilft Schulprojekte zu realisieren. Auf das&nbsp;MINT-Zentrum Hirschaid&nbsp;wurde hingewiesen (mint-zentrum-hirschaid.de), das mit dem innovativen&nbsp;TUMO-Konzept&nbsp;neue Wege der au\u00dferschulischen Bildung geht. Der&nbsp;AK Demokratie&nbsp;empfiehlt die Teilnahme am&nbsp;Hackathon \u201eMach Halt!\u201c&nbsp;am&nbsp;17.\/18.10. 2025, ein spannendes Format f\u00fcr alle gesellschaftlichen Gruppen zur kreativen Auseinandersetzung mit demokratischen Themen (Event-Link). Zum Thema Abholen der Kinder In der konstruktiven Diskussion rund um die Situation beim Abholen von erkrankten Kindern w\u00e4hrend des Unterrichts hat Saskia Hofmeister nochmals die geltende Regelung zur Befreiung bei Krankheit in Erinnerung gerufen, die sie zuletzt im Oktoberbrief (Seite 8) an die Eltern geschickt hat: \u201eBei Erkrankung w\u00e4hrend der Unterrichtszeit m\u00fcssen sich Sch\u00fclerinnen und Sch\u00fcler im Sekretariat durch die Schulleitung befreien lassen. Sie d\u00fcrfen das Schulhaus nur dann verlassen, wenn Eltern oder von ihnen Beauftragte das Kind abholen oder mit dem Weggang einverstanden sind (ab Jgs. 7). Eine Entschuldigung per Elternportal ist in diesem Fall nicht m\u00f6glich. Bitte best\u00e4tigen Sie auf dem ausgestellten Formular, dass Sie von der Befreiung Kenntnis genommen haben, und leiten dieses umgehend an das Sekretariat zur\u00fcck.\u201c Oktoberbrief der Schulleitung, Seite 8 Die Schulleiterin richtet an die Klassenelternsprecher:innen noch einmal die Bitte, erkrankte Kinder erst gar nicht in die Schule zu schicken, um das Infektionsrisiko f\u00fcr die Mitsch\u00fcler:innen zu minimieren. Herzlichen Dank&nbsp;an alle Teilnehmenden f\u00fcr das Engagement, die Offenheit und die vielen konstruktiven Impulse \u2013 f\u00fcr ein lebendiges, zukunftsorientiertes Schulleben! Wir freuen uns auf das pers\u00f6nliche Treffen am Schulfest, diesmal am Dienstag, den 29.07.2025. Hinweis: Dieser Beitrag wurde auf Basis der Mitschrift im Chat mit Unterst\u00fctzung von ChatGPT (OpenAI) erstellt und redaktionell \u00fcberarbeitet.<\/p>\n","protected":false},"author":1,"featured_media":1193,"comment_status":"open","ping_status":"open","sticky":false,"template":"","format":"standard","meta":{"footnotes":""},"categories":[49,8,7],"tags":[64,26,3,55,42,54],"class_list":["post-1191","post","type-post","status-publish","format-standard","has-post-thumbnail","hentry","category-ak-kommunikation","category-aktuelles","category-information","tag-flg","tag-information","tag-klassenelternsprecher","tag-klassenelternsprecherversammlung","tag-kommunikation","tag-schulleitung"],"_links":{"self":[{"href":"https:\/\/elternbeirat.flgblogs.de\/index.php?rest_route=\/wp\/v2\/posts\/1191","targetHints":{"allow":["GET"]}}],"collection":[{"href":"https:\/\/elternbeirat.flgblogs.de\/index.php?rest_route=\/wp\/v2\/posts"}],"about":[{"href":"https:\/\/elternbeirat.flgblogs.de\/index.php?rest_route=\/wp\/v2\/types\/post"}],"author":[{"embeddable":true,"href":"https:\/\/elternbeirat.flgblogs.de\/index.php?rest_route=\/wp\/v2\/users\/1"}],"replies":[{"embeddable":true,"href":"https:\/\/elternbeirat.flgblogs.de\/index.php?rest_route=%2Fwp%2Fv2%2Fcomments&post=1191"}],"version-history":[{"count":10,"href":"https:\/\/elternbeirat.flgblogs.de\/index.php?rest_route=\/wp\/v2\/posts\/1191\/revisions"}],"predecessor-version":[{"id":1203,"href":"https:\/\/elternbeirat.flgblogs.de\/index.php?rest_route=\/wp\/v2\/posts\/1191\/revisions\/1203"}],"wp:featuredmedia":[{"embeddable":true,"href":"https:\/\/elternbeirat.flgblogs.de\/index.php?rest_route=\/wp\/v2\/media\/1193"}],"wp:attachment":[{"href":"https:\/\/elternbeirat.flgblogs.de\/index.php?rest_route=%2Fwp%2Fv2%2Fmedia&parent=1191"}],"wp:term":[{"taxonomy":"category","embeddable":true,"href":"https:\/\/elternbeirat.flgblogs.de\/index.php?rest_route=%2Fwp%2Fv2%2Fcategories&post=1191"},{"taxonomy":"post_tag","embeddable":true,"href":"https:\/\/elternbeirat.flgblogs.de\/index.php?rest_route=%2Fwp%2Fv2%2Ftags&post=1191"}],"curies":[{"name":"wp","href":"https:\/\/api.w.org\/{rel}","templated":true}]}}