{"id":1153,"date":"2025-03-29T18:31:13","date_gmt":"2025-03-29T18:31:13","guid":{"rendered":"http:\/\/elternbeirat.flgblogs.de\/?p=1153"},"modified":"2025-03-30T08:34:12","modified_gmt":"2025-03-30T08:34:12","slug":"ak-berufsorientierung-besichtigung-mint-zentrum-hirschaid-mit-konstituierung-des-arbeitskreis","status":"publish","type":"post","link":"https:\/\/elternbeirat.flgblogs.de\/?p=1153","title":{"rendered":"AK Berufsorientierung: Besichtigung MINT-Zentrum Hirschaid mit Konstituierung des Arbeitskreises"},"content":{"rendered":"\n<p>Bereits im Dezember 2024 hatte Carina Therr\u00e9, Projektmanagerin im MINT-Zentrum-Hirschaid, dem Franz-Ludwig-Gymnasium folgende Kennenlernangebote unterbreitet: <\/p>\n\n\n\n<ol class=\"wp-block-list\" type=\"1\"><li>Vorstellung <a href=\"https:\/\/mint-zentrum-hirschaid.de\">MINT-Zentrum Hirschaid<\/a> und <a href=\"https:\/\/hirschaid.tumo.de\/uber-uns\/\">TUMO<\/a><strong><br><\/strong><\/li><li>Begabtenf\u00f6rderung FLG<br><\/li><li>Wahlkurs Naturwissenschaften \/ Projekte \u2013 P-Seminare &amp; Exkursionen (Wandertage)<\/li><\/ol>\n\n\n\n<p>Bei unserem <a href=\"https:\/\/elternbeirat.flgblogs.de\/?p=935\" data-type=\"post\" data-id=\"935\">Strategietermin<\/a> hatten wir dann im Januar entschieden, dass der AK Berufsorientierung der richtige Ansprechpartner f\u00fcr eine m\u00f6gliche Kooperation darstellt. <\/p>\n\n\n\n<p>Ben St\u00e4bler, Sprecher des Arbeitskreises, hatte danach mit Carina Therr\u00e9 eine F\u00fchrung durch das MINT Zentrum mit dem Gesch\u00e4ftsf\u00fchrer Frank Seuling vereinbart. <br>Am 26.03.2025 trafen sich nun der Arbeitskreis, weitere interessierte Elternbeir\u00e4te und Jens-Peter Linhart, der Koordinator f\u00fcr Berufliche Orientierung (KBO) am Franz-Ludwig Gymansium, im MINT-Zentrum.<\/p>\n\n\n\n<figure class=\"wp-block-gallery columns-2 is-cropped wp-block-gallery-1 is-layout-flex wp-block-gallery-is-layout-flex\"><ul class=\"blocks-gallery-grid\"><li class=\"blocks-gallery-item\"><figure><img loading=\"lazy\" decoding=\"async\" width=\"640\" height=\"480\" src=\"http:\/\/elternbeirat.flgblogs.de\/wp-content\/uploads\/2025\/03\/IMG_9297.jpg\" alt=\"\" data-id=\"1156\" data-full-url=\"http:\/\/elternbeirat.flgblogs.de\/wp-content\/uploads\/2025\/03\/IMG_9297.jpg\" data-link=\"http:\/\/elternbeirat.flgblogs.de\/?attachment_id=1156\" class=\"wp-image-1156\" srcset=\"https:\/\/elternbeirat.flgblogs.de\/wp-content\/uploads\/2025\/03\/IMG_9297.jpg 640w, https:\/\/elternbeirat.flgblogs.de\/wp-content\/uploads\/2025\/03\/IMG_9297-300x225.jpg 300w\" sizes=\"auto, (max-width: 640px) 100vw, 640px\" \/><\/figure><\/li><li class=\"blocks-gallery-item\"><figure><img loading=\"lazy\" decoding=\"async\" width=\"640\" height=\"480\" src=\"http:\/\/elternbeirat.flgblogs.de\/wp-content\/uploads\/2025\/03\/IMG_9294.jpg\" alt=\"\" data-id=\"1155\" data-full-url=\"http:\/\/elternbeirat.flgblogs.de\/wp-content\/uploads\/2025\/03\/IMG_9294.jpg\" data-link=\"http:\/\/elternbeirat.flgblogs.de\/?attachment_id=1155\" class=\"wp-image-1155\" srcset=\"https:\/\/elternbeirat.flgblogs.de\/wp-content\/uploads\/2025\/03\/IMG_9294.jpg 640w, https:\/\/elternbeirat.flgblogs.de\/wp-content\/uploads\/2025\/03\/IMG_9294-300x225.jpg 300w\" sizes=\"auto, (max-width: 640px) 100vw, 640px\" \/><\/figure><\/li><\/ul><\/figure>\n\n\n\n<p>Frank Seuling, Gr\u00fcnder des MINT-Zentrum Hirschaid gGmbH, sowie Carla Hochberger und Alexander Spieth vom TUMO-Team begr\u00fc\u00dften uns herzlich .<\/p>\n\n\n\n<figure class=\"wp-block-gallery columns-3 is-cropped wp-block-gallery-2 is-layout-flex wp-block-gallery-is-layout-flex\"><ul class=\"blocks-gallery-grid\"><li class=\"blocks-gallery-item\"><figure><img loading=\"lazy\" decoding=\"async\" width=\"412\" height=\"640\" src=\"http:\/\/elternbeirat.flgblogs.de\/wp-content\/uploads\/2025\/03\/IMG_9300.jpg\" alt=\"\" data-id=\"1157\" data-full-url=\"http:\/\/elternbeirat.flgblogs.de\/wp-content\/uploads\/2025\/03\/IMG_9300.jpg\" data-link=\"http:\/\/elternbeirat.flgblogs.de\/?attachment_id=1157\" class=\"wp-image-1157\" srcset=\"https:\/\/elternbeirat.flgblogs.de\/wp-content\/uploads\/2025\/03\/IMG_9300.jpg 412w, https:\/\/elternbeirat.flgblogs.de\/wp-content\/uploads\/2025\/03\/IMG_9300-193x300.jpg 193w\" sizes=\"auto, (max-width: 412px) 100vw, 412px\" \/><\/figure><\/li><li class=\"blocks-gallery-item\"><figure><img loading=\"lazy\" decoding=\"async\" width=\"480\" height=\"640\" src=\"http:\/\/elternbeirat.flgblogs.de\/wp-content\/uploads\/2025\/03\/IMG_9301-rotated.jpg\" alt=\"\" data-id=\"1158\" data-full-url=\"http:\/\/elternbeirat.flgblogs.de\/wp-content\/uploads\/2025\/03\/IMG_9301-rotated.jpg\" data-link=\"http:\/\/elternbeirat.flgblogs.de\/?attachment_id=1158\" class=\"wp-image-1158\" srcset=\"https:\/\/elternbeirat.flgblogs.de\/wp-content\/uploads\/2025\/03\/IMG_9301-rotated.jpg 480w, https:\/\/elternbeirat.flgblogs.de\/wp-content\/uploads\/2025\/03\/IMG_9301-225x300.jpg 225w\" sizes=\"auto, (max-width: 480px) 100vw, 480px\" \/><\/figure><\/li><li class=\"blocks-gallery-item\"><figure><img loading=\"lazy\" decoding=\"async\" width=\"480\" height=\"640\" src=\"http:\/\/elternbeirat.flgblogs.de\/wp-content\/uploads\/2025\/03\/IMG_9304-rotated.jpg\" alt=\"\" data-id=\"1159\" data-full-url=\"http:\/\/elternbeirat.flgblogs.de\/wp-content\/uploads\/2025\/03\/IMG_9304-rotated.jpg\" data-link=\"http:\/\/elternbeirat.flgblogs.de\/?attachment_id=1159\" class=\"wp-image-1159\" srcset=\"https:\/\/elternbeirat.flgblogs.de\/wp-content\/uploads\/2025\/03\/IMG_9304-rotated.jpg 480w, https:\/\/elternbeirat.flgblogs.de\/wp-content\/uploads\/2025\/03\/IMG_9304-225x300.jpg 225w\" sizes=\"auto, (max-width: 480px) 100vw, 480px\" \/><\/figure><\/li><li class=\"blocks-gallery-item\"><figure><img loading=\"lazy\" decoding=\"async\" width=\"640\" height=\"480\" src=\"http:\/\/elternbeirat.flgblogs.de\/wp-content\/uploads\/2025\/03\/IMG_9305.jpg\" alt=\"\" data-id=\"1160\" data-full-url=\"http:\/\/elternbeirat.flgblogs.de\/wp-content\/uploads\/2025\/03\/IMG_9305.jpg\" data-link=\"http:\/\/elternbeirat.flgblogs.de\/?attachment_id=1160\" class=\"wp-image-1160\" srcset=\"https:\/\/elternbeirat.flgblogs.de\/wp-content\/uploads\/2025\/03\/IMG_9305.jpg 640w, https:\/\/elternbeirat.flgblogs.de\/wp-content\/uploads\/2025\/03\/IMG_9305-300x225.jpg 300w\" sizes=\"auto, (max-width: 640px) 100vw, 640px\" \/><\/figure><\/li><\/ul><\/figure>\n\n\n\n<p>Frank Seuling erl\u00e4uterte uns die Entwicklung vom <a href=\"https:\/\/mint-zentrum-hirschaid.de\/\">MINT-Zentrum Hirschaid<\/a> seit 2010. <\/p>\n\n\n\n<p>Alexander Spieth, TUMO Team-Lead @ MINT Zentrum, stellte uns dann den Hintergrund des p\u00e4dagogischen <a href=\"https:\/\/hirschaid.tumo.de\/\">Konzeptes TUMO und die Umsetzung in Hirschaid<\/a> vor. <\/p>\n\n\n\n<p>Anschlie\u00dfend konnten wir noch bei den laufenden Lerngruppen einen kurzen Einblick zu den Themen Programmieren, Filmproduktion und 3D-Modelling bekommen. <\/p>\n\n\n\n<figure class=\"wp-block-image size-large\"><a href=\"https:\/\/hirschaid.tumo.de\/programm\/\"><img loading=\"lazy\" decoding=\"async\" width=\"1024\" height=\"596\" src=\"https:\/\/elternbeirat.flgblogs.de\/wp-content\/uploads\/2025\/03\/image-4-1024x596.png\" alt=\"\" class=\"wp-image-1154\" srcset=\"https:\/\/elternbeirat.flgblogs.de\/wp-content\/uploads\/2025\/03\/image-4-1024x596.png 1024w, https:\/\/elternbeirat.flgblogs.de\/wp-content\/uploads\/2025\/03\/image-4-300x175.png 300w, https:\/\/elternbeirat.flgblogs.de\/wp-content\/uploads\/2025\/03\/image-4-768x447.png 768w, https:\/\/elternbeirat.flgblogs.de\/wp-content\/uploads\/2025\/03\/image-4-1536x894.png 1536w, https:\/\/elternbeirat.flgblogs.de\/wp-content\/uploads\/2025\/03\/image-4-2048x1192.png 2048w, https:\/\/elternbeirat.flgblogs.de\/wp-content\/uploads\/2025\/03\/image-4-1140x664.png 1140w\" sizes=\"auto, (max-width: 1024px) 100vw, 1024px\" \/><\/a><\/figure>\n\n\n\n<p>Das vorgestellte <a href=\"https:\/\/hirschaid.tumo.de\/programm\/\">Programm<\/a> klang sehr interessant und wir sagten zu, dass wir zeitnah auch hier via Blog zu empfehlen, das kostenlose TUMO Angebot zu <a href=\"https:\/\/hirschaid.tumo.de\/anmeldung\/\">nutzen<\/a>. <\/p>\n\n\n\n<figure class=\"wp-block-image size-large\"><img loading=\"lazy\" decoding=\"async\" width=\"1024\" height=\"572\" src=\"https:\/\/elternbeirat.flgblogs.de\/wp-content\/uploads\/2025\/03\/image-5-1024x572.png\" alt=\"\" class=\"wp-image-1167\" srcset=\"https:\/\/elternbeirat.flgblogs.de\/wp-content\/uploads\/2025\/03\/image-5-1024x572.png 1024w, https:\/\/elternbeirat.flgblogs.de\/wp-content\/uploads\/2025\/03\/image-5-300x167.png 300w, https:\/\/elternbeirat.flgblogs.de\/wp-content\/uploads\/2025\/03\/image-5-768x429.png 768w, https:\/\/elternbeirat.flgblogs.de\/wp-content\/uploads\/2025\/03\/image-5-1536x858.png 1536w, https:\/\/elternbeirat.flgblogs.de\/wp-content\/uploads\/2025\/03\/image-5-2048x1143.png 2048w, https:\/\/elternbeirat.flgblogs.de\/wp-content\/uploads\/2025\/03\/image-5-1140x636.png 1140w\" sizes=\"auto, (max-width: 1024px) 100vw, 1024px\" \/><\/figure>\n\n\n\n<p>Auch die integrierte, neu gebaute <a href=\"https:\/\/www.energiepark-hirschaid.de\/eventarena-ellipsum-hirschaid\/\">Eventlocation Ellipsum<\/a> direkt neben den Lernr\u00e4umen ist sehr eindrucksvoll. Die selbstorganisierten Lerner:innen in den flexiblen Sitzm\u00f6bel vermittelten eine besondere Lern-Atmosph\u00e4re. <\/p>\n\n\n\n<figure class=\"wp-block-gallery columns-2 is-cropped wp-block-gallery-3 is-layout-flex wp-block-gallery-is-layout-flex\"><ul class=\"blocks-gallery-grid\"><li class=\"blocks-gallery-item\"><figure><img loading=\"lazy\" decoding=\"async\" width=\"480\" height=\"640\" src=\"http:\/\/elternbeirat.flgblogs.de\/wp-content\/uploads\/2025\/03\/IMG_9306-rotated.jpg\" alt=\"\" data-id=\"1161\" data-full-url=\"http:\/\/elternbeirat.flgblogs.de\/wp-content\/uploads\/2025\/03\/IMG_9306-rotated.jpg\" data-link=\"http:\/\/elternbeirat.flgblogs.de\/?attachment_id=1161\" class=\"wp-image-1161\" srcset=\"https:\/\/elternbeirat.flgblogs.de\/wp-content\/uploads\/2025\/03\/IMG_9306-rotated.jpg 480w, https:\/\/elternbeirat.flgblogs.de\/wp-content\/uploads\/2025\/03\/IMG_9306-225x300.jpg 225w\" sizes=\"auto, (max-width: 480px) 100vw, 480px\" \/><\/figure><\/li><li class=\"blocks-gallery-item\"><figure><img loading=\"lazy\" decoding=\"async\" width=\"436\" height=\"640\" src=\"http:\/\/elternbeirat.flgblogs.de\/wp-content\/uploads\/2025\/03\/IMG_9307.jpg\" alt=\"\" data-id=\"1162\" data-full-url=\"http:\/\/elternbeirat.flgblogs.de\/wp-content\/uploads\/2025\/03\/IMG_9307.jpg\" data-link=\"http:\/\/elternbeirat.flgblogs.de\/?attachment_id=1162\" class=\"wp-image-1162\" srcset=\"https:\/\/elternbeirat.flgblogs.de\/wp-content\/uploads\/2025\/03\/IMG_9307.jpg 436w, https:\/\/elternbeirat.flgblogs.de\/wp-content\/uploads\/2025\/03\/IMG_9307-204x300.jpg 204w\" sizes=\"auto, (max-width: 436px) 100vw, 436px\" \/><\/figure><\/li><\/ul><\/figure>\n\n\n\n<p>Nach der F\u00fchrung konnten wir im Ellipsum unsere erste konstituierende Arbeitskreissitzung gestalten.<\/p>\n\n\n\n<figure class=\"wp-block-image size-large\"><img loading=\"lazy\" decoding=\"async\" width=\"1024\" height=\"789\" src=\"https:\/\/elternbeirat.flgblogs.de\/wp-content\/uploads\/2025\/03\/PHOTO-2025-02-21-11-31-21-1024x789.jpg\" alt=\"\" class=\"wp-image-1165\" srcset=\"https:\/\/elternbeirat.flgblogs.de\/wp-content\/uploads\/2025\/03\/PHOTO-2025-02-21-11-31-21-1024x789.jpg 1024w, https:\/\/elternbeirat.flgblogs.de\/wp-content\/uploads\/2025\/03\/PHOTO-2025-02-21-11-31-21-300x231.jpg 300w, https:\/\/elternbeirat.flgblogs.de\/wp-content\/uploads\/2025\/03\/PHOTO-2025-02-21-11-31-21-768x592.jpg 768w, https:\/\/elternbeirat.flgblogs.de\/wp-content\/uploads\/2025\/03\/PHOTO-2025-02-21-11-31-21-1536x1184.jpg 1536w, https:\/\/elternbeirat.flgblogs.de\/wp-content\/uploads\/2025\/03\/PHOTO-2025-02-21-11-31-21-1140x879.jpg 1140w, https:\/\/elternbeirat.flgblogs.de\/wp-content\/uploads\/2025\/03\/PHOTO-2025-02-21-11-31-21.jpg 1600w\" sizes=\"auto, (max-width: 1024px) 100vw, 1024px\" \/><\/figure>\n\n\n\n<p>Ben St\u00e4bler teilte uns seine ersten Gedanken zu Vision und Strategie des Arbeitskreises. Wir sprachen \u00fcber bestehende <a href=\"https:\/\/franz-ludwig-gymnasium.de\/file\/2016\/05\/EBP_Konzept_red.pdf\">Konzepte<\/a> zur gelingenden <a href=\"http:\/\/Schule und Elternhaus Erziehungs- und Bildungspartnerschaft\">Erziehungs- und Bildungspartnerschaft zwischen Schule<br>und Elternhaus<\/a> und wie wir da mit unseren Ideen zum Thema Berufsorientierung am besten andocken k\u00f6nnen. <\/p>\n\n\n\n<figure class=\"wp-block-image size-large\"><img loading=\"lazy\" decoding=\"async\" width=\"640\" height=\"596\" src=\"http:\/\/elternbeirat.flgblogs.de\/wp-content\/uploads\/2025\/03\/IMG_9308.jpg\" alt=\"\" class=\"wp-image-1163\" srcset=\"https:\/\/elternbeirat.flgblogs.de\/wp-content\/uploads\/2025\/03\/IMG_9308.jpg 640w, https:\/\/elternbeirat.flgblogs.de\/wp-content\/uploads\/2025\/03\/IMG_9308-300x279.jpg 300w\" sizes=\"auto, (max-width: 640px) 100vw, 640px\" \/><\/figure>\n\n\n\n<p>Ben St\u00e4bler wird den Status der Ideen mit Jens-Peter Linhart und Saskia Hofmeister mit dem Ziel abstimmen, ein gemeinsam getragenes Konzept f\u00fcr den Arbeitskreis zu entwickeln.<\/p>\n\n\n\n<p>Das MINT-Zentrum in Hirschaid wird darin auf jeden Fall eine Rolle spielen. <\/p>\n","protected":false},"excerpt":{"rendered":"<p>Bereits im Dezember 2024 hatte Carina Therr\u00e9, Projektmanagerin im MINT-Zentrum-Hirschaid, dem Franz-Ludwig-Gymnasium folgende Kennenlernangebote unterbreitet: Vorstellung MINT-Zentrum Hirschaid und TUMO Begabtenf\u00f6rderung FLG Wahlkurs Naturwissenschaften \/ Projekte \u2013 P-Seminare &amp; Exkursionen (Wandertage) Bei unserem Strategietermin hatten wir dann im Januar entschieden, dass der AK Berufsorientierung der richtige Ansprechpartner f\u00fcr eine m\u00f6gliche Kooperation darstellt. Ben St\u00e4bler, Sprecher des Arbeitskreises, hatte danach mit Carina Therr\u00e9 eine F\u00fchrung durch das MINT Zentrum mit dem Gesch\u00e4ftsf\u00fchrer Frank Seuling vereinbart. Am 26.03.2025 trafen sich nun der Arbeitskreis, weitere interessierte Elternbeir\u00e4te und Jens-Peter Linhart, der Koordinator f\u00fcr Berufliche Orientierung (KBO) am Franz-Ludwig Gymansium, im MINT-Zentrum. Frank Seuling, Gr\u00fcnder des MINT-Zentrum Hirschaid gGmbH, sowie Carla Hochberger und Alexander Spieth vom TUMO-Team begr\u00fc\u00dften uns herzlich . Frank Seuling erl\u00e4uterte uns die Entwicklung vom MINT-Zentrum Hirschaid seit 2010. Alexander Spieth, TUMO Team-Lead @ MINT Zentrum, stellte uns dann den Hintergrund des p\u00e4dagogischen Konzeptes TUMO und die Umsetzung in Hirschaid vor. Anschlie\u00dfend konnten wir noch bei den laufenden Lerngruppen einen kurzen Einblick zu den Themen Programmieren, Filmproduktion und 3D-Modelling bekommen. Das vorgestellte Programm klang sehr interessant und wir sagten zu, dass wir zeitnah auch hier via Blog zu empfehlen, das kostenlose TUMO Angebot zu nutzen. Auch die integrierte, neu gebaute Eventlocation Ellipsum direkt neben den Lernr\u00e4umen ist sehr eindrucksvoll. Die selbstorganisierten Lerner:innen in den flexiblen Sitzm\u00f6bel vermittelten eine besondere Lern-Atmosph\u00e4re. Nach der F\u00fchrung konnten wir im Ellipsum unsere erste konstituierende Arbeitskreissitzung gestalten. Ben St\u00e4bler teilte uns seine ersten Gedanken zu Vision und Strategie des Arbeitskreises. Wir sprachen \u00fcber bestehende Konzepte zur gelingenden Erziehungs- und Bildungspartnerschaft zwischen Schuleund Elternhaus und wie wir da mit unseren Ideen zum Thema Berufsorientierung am besten andocken k\u00f6nnen. Ben St\u00e4bler wird den Status der Ideen mit Jens-Peter Linhart und Saskia Hofmeister mit dem Ziel abstimmen, ein gemeinsam getragenes Konzept f\u00fcr den Arbeitskreis zu entwickeln. Das MINT-Zentrum in Hirschaid wird darin auf jeden Fall eine Rolle spielen.<\/p>\n","protected":false},"author":1,"featured_media":1159,"comment_status":"open","ping_status":"open","sticky":false,"template":"","format":"standard","meta":{"footnotes":""},"categories":[73,49,8,7],"tags":[],"class_list":["post-1153","post","type-post","status-publish","format-standard","has-post-thumbnail","hentry","category-ak-berufsorientierung","category-ak-kommunikation","category-aktuelles","category-information"],"_links":{"self":[{"href":"https:\/\/elternbeirat.flgblogs.de\/index.php?rest_route=\/wp\/v2\/posts\/1153","targetHints":{"allow":["GET"]}}],"collection":[{"href":"https:\/\/elternbeirat.flgblogs.de\/index.php?rest_route=\/wp\/v2\/posts"}],"about":[{"href":"https:\/\/elternbeirat.flgblogs.de\/index.php?rest_route=\/wp\/v2\/types\/post"}],"author":[{"embeddable":true,"href":"https:\/\/elternbeirat.flgblogs.de\/index.php?rest_route=\/wp\/v2\/users\/1"}],"replies":[{"embeddable":true,"href":"https:\/\/elternbeirat.flgblogs.de\/index.php?rest_route=%2Fwp%2Fv2%2Fcomments&post=1153"}],"version-history":[{"count":17,"href":"https:\/\/elternbeirat.flgblogs.de\/index.php?rest_route=\/wp\/v2\/posts\/1153\/revisions"}],"predecessor-version":[{"id":1184,"href":"https:\/\/elternbeirat.flgblogs.de\/index.php?rest_route=\/wp\/v2\/posts\/1153\/revisions\/1184"}],"wp:featuredmedia":[{"embeddable":true,"href":"https:\/\/elternbeirat.flgblogs.de\/index.php?rest_route=\/wp\/v2\/media\/1159"}],"wp:attachment":[{"href":"https:\/\/elternbeirat.flgblogs.de\/index.php?rest_route=%2Fwp%2Fv2%2Fmedia&parent=1153"}],"wp:term":[{"taxonomy":"category","embeddable":true,"href":"https:\/\/elternbeirat.flgblogs.de\/index.php?rest_route=%2Fwp%2Fv2%2Fcategories&post=1153"},{"taxonomy":"post_tag","embeddable":true,"href":"https:\/\/elternbeirat.flgblogs.de\/index.php?rest_route=%2Fwp%2Fv2%2Ftags&post=1153"}],"curies":[{"name":"wp","href":"https:\/\/api.w.org\/{rel}","templated":true}]}}