{"id":1106,"date":"2025-03-15T17:39:18","date_gmt":"2025-03-15T17:39:18","guid":{"rendered":"http:\/\/elternbeirat.flgblogs.de\/?p=1106"},"modified":"2025-03-15T18:03:24","modified_gmt":"2025-03-15T18:03:24","slug":"arbeitskreise-des-elternbeirats-sind-gestartet","status":"publish","type":"post","link":"https:\/\/elternbeirat.flgblogs.de\/?p=1106","title":{"rendered":"Arbeitskreise des Elternbeirats sind gestartet"},"content":{"rendered":"\n<p>Nach der Konstituierung im November 2024 und einer intensiven <a href=\"http:\/\/elternbeirat.flgblogs.de\/?p=935\" data-type=\"post\" data-id=\"935\">Strategiesitzung im Januar 2025<\/a> hat der neue <a href=\"http:\/\/elternbeirat.flgblogs.de\/?page_id=12\">Elternbeirat<\/a> begonnen an den gemeinsamen <a href=\"http:\/\/elternbeirat.flgblogs.de\/?page_id=14\">Pl\u00e4nen<\/a> zu arbeiten. <\/p>\n\n\n\n<p>Hier im Blog m\u00f6chten wir &#8211; neben dem offiziellen Protokoll der Sitzung &#8211; einige zentrale Elemente der Besprechung teilen, damit die Schulfamilie die Arbeit des Elternbeirates mitverfolgen und gerne auch via Feedback mitgestalten kann.<\/p>\n\n\n\n<p>Mit dieser Agenda ist in die 2. Sitzung des Elternbeirats geladen worden:<\/p>\n\n\n\n<figure class=\"wp-block-image size-large\"><img loading=\"lazy\" decoding=\"async\" width=\"703\" height=\"1024\" src=\"http:\/\/elternbeirat.flgblogs.de\/wp-content\/uploads\/2025\/03\/image-1-703x1024.png\" alt=\"\" class=\"wp-image-1109\" srcset=\"https:\/\/elternbeirat.flgblogs.de\/wp-content\/uploads\/2025\/03\/image-1-703x1024.png 703w, https:\/\/elternbeirat.flgblogs.de\/wp-content\/uploads\/2025\/03\/image-1-206x300.png 206w, https:\/\/elternbeirat.flgblogs.de\/wp-content\/uploads\/2025\/03\/image-1-768x1118.png 768w, https:\/\/elternbeirat.flgblogs.de\/wp-content\/uploads\/2025\/03\/image-1-1055x1536.png 1055w, https:\/\/elternbeirat.flgblogs.de\/wp-content\/uploads\/2025\/03\/image-1-1406x2048.png 1406w, https:\/\/elternbeirat.flgblogs.de\/wp-content\/uploads\/2025\/03\/image-1-1140x1660.png 1140w, https:\/\/elternbeirat.flgblogs.de\/wp-content\/uploads\/2025\/03\/image-1.png 1442w\" sizes=\"auto, (max-width: 703px) 100vw, 703px\" \/><\/figure>\n\n\n\n<p>Erfreulicherweise fast vollz\u00e4hlig haben wir von Saskia Hofmeister einen ausf\u00fchrlichen Bericht der aktuellen Schulsituation bekommen und schon erste Diskussionen z. B. \u00fcber die Weiterentwicklung von Veranstaltungen gef\u00fchrt. Hier im Blog m\u00f6chten wir zu diesem Top nur eine Information und Entscheidung teilen:<\/p>\n\n\n\n<blockquote class=\"wp-block-quote is-layout-flow wp-block-quote-is-layout-flow\"><p>&#8222;Der EB stimmt der Fortf\u00fchrung des Projekts \u201eDigitale Schule der Zukunft\u201c einstimmig zu.&#8220;<\/p><cite>Beschluss in der 2. Sitzung des Elternbeirats am 10.03.2025<\/cite><\/blockquote>\n\n\n\n<p>Das Projekt wird auf der <a href=\"https:\/\/www.km.bayern.de\/digitale-schule-der-zukunft\">Homepage des Ministeriums<\/a> so  angek\u00fcndigt: &#8222;Der Bayerische Ministerrat hat in seiner Sitzung am 27. Februar 2024 die <a href=\"https:\/\/www.km.bayern.de\/digitale-schule-der-zukunft\/allgemein\">\u201eDigitale Schule der Zukunft\u201c<\/a> auf den Weg gebracht. Damit soll ein weiterer starker Impuls gesetzt werden, um zeitgem\u00e4\u00dfes Lernen in einer digitalen Welt auch in Zukunft zu gew\u00e4hrleisten. Ein Kernelement bildet die sukzessive Ausstattung der Sch\u00fclerinnen und Sch\u00fcler an allgemeinbildenden weiterf\u00fchrenden Schulen inkl. Wirtschaftsschulen mit mobilen Endger\u00e4ten.&#8220;<\/p>\n\n\n\n<p>Die berichteten Schwierigkeiten der Stadt Bamberg als Sachaufwandstr\u00e4ger die technischen Rahmenbedingungen f\u00fcr eine &#8218;Digitale Schule&#8216; am FLG sicher zu stellen, passen unserer Meinung nach nicht zu den Ambitionen des Ministeriums. Erst bis Ende des Schuljahres 2024\/2025 sollen die jahrelangen Schwierigkeiten bei der Erh\u00f6hung der WLAN-Bandbreite gel\u00f6st sein. Wir unterst\u00fctzen die Schulleitung bei der Forderung nach einer Verbesserung der Situation. <\/p>\n\n\n\n<p><strong>AK Finanzen:<\/strong> Wir planen nach den Pfingstferien mittels Spendenbrief die Eltern um eine finanzielle Unterst\u00fctzung unserer Arbeit zu bitten. Wir werden die Klassenelternsprecher beim <a href=\"http:\/\/elternbeirat.flgblogs.de\/?p=1024\" data-type=\"post\" data-id=\"1024\">2. Treffen mit dem Elternbeirat am 27.05.2025<\/a> dar\u00fcber informieren. <\/p>\n\n\n\n<p><strong>AK Veranstaltungen:<\/strong> Marion Zepf hat vom erfolgreichen Engagement beim Dreik\u00f6nigsturnier und dem <a href=\"http:\/\/elternbeirat.flgblogs.de\/?p=1068\" data-type=\"post\" data-id=\"1068\">Eisball<\/a> berichtet. Wir haben auch bereits Ideen f\u00fcr Weiterentwicklungen besprochen. Mit dem <a href=\"https:\/\/franz-ludwig-gymnasium.de\/termin\/tag-der-offenen-tuer-2023\/\">Tag der offenen T\u00fcr am 22.03.2025<\/a> &#8211; vergleichbar mit der <a href=\"http:\/\/elternbeirat.flgblogs.de\/?p=821\" data-type=\"post\">Gestaltung 2024 <\/a> &#8211; und den Festen im Sommer sind bereits weitere Aktivit\u00e4ten geplant. <\/p>\n\n\n\n<p><strong>AK Kommunikation: <\/strong>Christian Kaiser teilte die Freude, dass der <a href=\"http:\/\/elternbeirat.flgblogs.de\/\">EBR-Blog <\/a>dank SSL-Verschl\u00fcsselung jetzt sicher aufgerufen werden kann. Wir m\u00f6chten dieses Informationsangebot auch den interessierten Eltern am <a href=\"https:\/\/franz-ludwig-gymnasium.de\/termin\/tag-der-offenen-tuer-2023\/\">Tag der offenen T\u00fcr <\/a>zur Orientierung \u00fcber die Schulgemeinschaft vermitteln.  Am 27.05. ist der n\u00e4chste <a href=\"http:\/\/elternbeirat.flgblogs.de\/?p=1024\" data-type=\"post\" data-id=\"1024\">Austausch mit den Klassenelternsprechern <\/a>geplant. Hier werden wir neben dem Spendenbrief auch das Thema \u201eWerbung f\u00fcr die Aufnahme von Austauschsch\u00fclern\u201c ansprechen. <\/p>\n\n\n\n<p><strong>AK Berufsorientierung<\/strong>: Ben St\u00e4bler l\u00e4dt alle interessierten EBR-Mitglieder zum ersten Termin des AK Berufsorientierung im <a href=\"https:\/\/mint-zentrum-hirschaid.de\">MINT-Zentrum Hirschaid <\/a>ein, Dabei wird es eine F\u00fchrung durch die R\u00e4umlichkeiten und eine Information des Gesch\u00e4ftsf\u00fchrers geben.<\/p>\n\n\n\n<p><strong>AK Digitales\/Medienkompetenz<\/strong>: Bertram Dillig berichtet von den bisherigen zwei Treffen. Da das T\u00e4tigkeitsfeld des AK sehr weit gefasst ist, hat der AK zun\u00e4chst den Handlungsbedarf abgegrenzt. In der T\u00e4tigkeit des AK soll im Fokus stehen, der Schulfamilie (Sch\u00fcler-, Lehrer- und auch Elternschaft) die Wichtigkeit von Medienkompetenz vor Augen zu f\u00fchren.<\/p>\n\n\n\n<p><strong>AK Demokratieerziehung\/Politische Bildung:<\/strong> Franca Heinsch berichtet, dass bei einem erstes Brainstorming die Idee entstanden ist, einen FLG Absolvent, heute Professor und Autor, zum Thema  \u201eEinfluss der sozialen Medien und der Printmedien auf die Demokratiebildung\u201c zusammen mit Sch\u00fclern zu aktivieren. Wir haben mit der Schulleitung besprochen, dass wir uns auch dabei mit bereits laufenden Aktivit\u00e4ten im Bereich \u201eDemokratiebildung\u201c abstimmen.<\/p>\n\n\n\n<p><strong>AK Sch\u00fclergesundheit\/Resilienz\/Schulentwicklung: <\/strong>Alexander Jentzsch berichtet, dass sich der AK bereits zwei Mal getroffen habe. Ziel ist es das Awareness-Team der SMV zu unterst\u00fctzen. Weiter kann sich der AK vorstellen, Vortr\u00e4ge oder Handouts f\u00fcr die Schulfamilie zu gestalten. <\/p>\n\n\n\n<p>Beim Top &#8218;<strong>R\u00fcckblick auf erste gemeinsame Monate<\/strong>&#8218; im neu gew\u00e4hlten Gremium geben die anwesenden Mitglieder ein durchwegs positives Feedback zur bisherigen gemeinsamen Zusammenarbeit. F\u00fcr den ge\u00e4u\u00dferten Wunsch nach einem intensiveren Kennenlernen bietet sich die geplante Dank-Veranstaltung f\u00fcr die ehemaligen Elternbeir\u00e4te im April an.<\/p>\n\n\n\n<p>Die n\u00e4chste Elternbeiratssitzung planen wir vor den Pfingstferien. <\/p>\n\n\n\n<p><\/p>\n","protected":false},"excerpt":{"rendered":"<p>Nach der Konstituierung im November 2024 und einer intensiven Strategiesitzung im Januar 2025 hat der neue Elternbeirat begonnen an den gemeinsamen Pl\u00e4nen zu arbeiten. Hier im Blog m\u00f6chten wir &#8211; neben dem offiziellen Protokoll der Sitzung &#8211; einige zentrale Elemente der Besprechung teilen, damit die Schulfamilie die Arbeit des Elternbeirates mitverfolgen und gerne auch via Feedback mitgestalten kann. Mit dieser Agenda ist in die 2. Sitzung des Elternbeirats geladen worden: Erfreulicherweise fast vollz\u00e4hlig haben wir von Saskia Hofmeister einen ausf\u00fchrlichen Bericht der aktuellen Schulsituation bekommen und schon erste Diskussionen z. B. \u00fcber die Weiterentwicklung von Veranstaltungen gef\u00fchrt. Hier im Blog m\u00f6chten wir zu diesem Top nur eine Information und Entscheidung teilen: &#8222;Der EB stimmt der Fortf\u00fchrung des Projekts \u201eDigitale Schule der Zukunft\u201c einstimmig zu.&#8220; Beschluss in der 2. Sitzung des Elternbeirats am 10.03.2025 Das Projekt wird auf der Homepage des Ministeriums so angek\u00fcndigt: &#8222;Der Bayerische Ministerrat hat in seiner Sitzung am 27. Februar 2024 die \u201eDigitale Schule der Zukunft\u201c auf den Weg gebracht. Damit soll ein weiterer starker Impuls gesetzt werden, um zeitgem\u00e4\u00dfes Lernen in einer digitalen Welt auch in Zukunft zu gew\u00e4hrleisten. Ein Kernelement bildet die sukzessive Ausstattung der Sch\u00fclerinnen und Sch\u00fcler an allgemeinbildenden weiterf\u00fchrenden Schulen inkl. Wirtschaftsschulen mit mobilen Endger\u00e4ten.&#8220; Die berichteten Schwierigkeiten der Stadt Bamberg als Sachaufwandstr\u00e4ger die technischen Rahmenbedingungen f\u00fcr eine &#8218;Digitale Schule&#8216; am FLG sicher zu stellen, passen unserer Meinung nach nicht zu den Ambitionen des Ministeriums. Erst bis Ende des Schuljahres 2024\/2025 sollen die jahrelangen Schwierigkeiten bei der Erh\u00f6hung der WLAN-Bandbreite gel\u00f6st sein. Wir unterst\u00fctzen die Schulleitung bei der Forderung nach einer Verbesserung der Situation. AK Finanzen: Wir planen nach den Pfingstferien mittels Spendenbrief die Eltern um eine finanzielle Unterst\u00fctzung unserer Arbeit zu bitten. Wir werden die Klassenelternsprecher beim 2. Treffen mit dem Elternbeirat am 27.05.2025 dar\u00fcber informieren. AK Veranstaltungen: Marion Zepf hat vom erfolgreichen Engagement beim Dreik\u00f6nigsturnier und dem Eisball berichtet. Wir haben auch bereits Ideen f\u00fcr Weiterentwicklungen besprochen. Mit dem Tag der offenen T\u00fcr am 22.03.2025 &#8211; vergleichbar mit der Gestaltung 2024 &#8211; und den Festen im Sommer sind bereits weitere Aktivit\u00e4ten geplant. AK Kommunikation: Christian Kaiser teilte die Freude, dass der EBR-Blog dank SSL-Verschl\u00fcsselung jetzt sicher aufgerufen werden kann. Wir m\u00f6chten dieses Informationsangebot auch den interessierten Eltern am Tag der offenen T\u00fcr zur Orientierung \u00fcber die Schulgemeinschaft vermitteln. Am 27.05. ist der n\u00e4chste Austausch mit den Klassenelternsprechern geplant. Hier werden wir neben dem Spendenbrief auch das Thema \u201eWerbung f\u00fcr die Aufnahme von Austauschsch\u00fclern\u201c ansprechen. AK Berufsorientierung: Ben St\u00e4bler l\u00e4dt alle interessierten EBR-Mitglieder zum ersten Termin des AK Berufsorientierung im MINT-Zentrum Hirschaid ein, Dabei wird es eine F\u00fchrung durch die R\u00e4umlichkeiten und eine Information des Gesch\u00e4ftsf\u00fchrers geben. AK Digitales\/Medienkompetenz: Bertram Dillig berichtet von den bisherigen zwei Treffen. Da das T\u00e4tigkeitsfeld des AK sehr weit gefasst ist, hat der AK zun\u00e4chst den Handlungsbedarf abgegrenzt. In der T\u00e4tigkeit des AK soll im Fokus stehen, der Schulfamilie (Sch\u00fcler-, Lehrer- und auch Elternschaft) die Wichtigkeit von Medienkompetenz vor Augen zu f\u00fchren. AK Demokratieerziehung\/Politische Bildung: Franca Heinsch berichtet, dass bei einem erstes Brainstorming die Idee entstanden ist, einen FLG Absolvent, heute Professor und Autor, zum Thema \u201eEinfluss der sozialen Medien und der Printmedien auf die Demokratiebildung\u201c zusammen mit Sch\u00fclern zu aktivieren. Wir haben mit der Schulleitung besprochen, dass wir uns auch dabei mit bereits laufenden Aktivit\u00e4ten im Bereich \u201eDemokratiebildung\u201c abstimmen. AK Sch\u00fclergesundheit\/Resilienz\/Schulentwicklung: Alexander Jentzsch berichtet, dass sich der AK bereits zwei Mal getroffen habe. Ziel ist es das Awareness-Team der SMV zu unterst\u00fctzen. Weiter kann sich der AK vorstellen, Vortr\u00e4ge oder Handouts f\u00fcr die Schulfamilie zu gestalten. Beim Top &#8218;R\u00fcckblick auf erste gemeinsame Monate&#8218; im neu gew\u00e4hlten Gremium geben die anwesenden Mitglieder ein durchwegs positives Feedback zur bisherigen gemeinsamen Zusammenarbeit. F\u00fcr den ge\u00e4u\u00dferten Wunsch nach einem intensiveren Kennenlernen bietet sich die geplante Dank-Veranstaltung f\u00fcr die ehemaligen Elternbeir\u00e4te im April an. Die n\u00e4chste Elternbeiratssitzung planen wir vor den Pfingstferien.<\/p>\n","protected":false},"author":1,"featured_media":1107,"comment_status":"open","ping_status":"open","sticky":false,"template":"","format":"standard","meta":{"footnotes":""},"categories":[73,75,74,50,49,76,51,8,7],"tags":[],"class_list":["post-1106","post","type-post","status-publish","format-standard","has-post-thumbnail","hentry","category-ak-berufsorientierung","category-ak-demokratierziehung-politische-bildung","category-ak-digitales-medienkompetenz","category-ak-finanzen","category-ak-kommunikation","category-ak-schuelergesundheit-resilienz-schulentwicklung","category-ak-veranstaltungen","category-aktuelles","category-information"],"_links":{"self":[{"href":"https:\/\/elternbeirat.flgblogs.de\/index.php?rest_route=\/wp\/v2\/posts\/1106","targetHints":{"allow":["GET"]}}],"collection":[{"href":"https:\/\/elternbeirat.flgblogs.de\/index.php?rest_route=\/wp\/v2\/posts"}],"about":[{"href":"https:\/\/elternbeirat.flgblogs.de\/index.php?rest_route=\/wp\/v2\/types\/post"}],"author":[{"embeddable":true,"href":"https:\/\/elternbeirat.flgblogs.de\/index.php?rest_route=\/wp\/v2\/users\/1"}],"replies":[{"embeddable":true,"href":"https:\/\/elternbeirat.flgblogs.de\/index.php?rest_route=%2Fwp%2Fv2%2Fcomments&post=1106"}],"version-history":[{"count":16,"href":"https:\/\/elternbeirat.flgblogs.de\/index.php?rest_route=\/wp\/v2\/posts\/1106\/revisions"}],"predecessor-version":[{"id":1128,"href":"https:\/\/elternbeirat.flgblogs.de\/index.php?rest_route=\/wp\/v2\/posts\/1106\/revisions\/1128"}],"wp:featuredmedia":[{"embeddable":true,"href":"https:\/\/elternbeirat.flgblogs.de\/index.php?rest_route=\/wp\/v2\/media\/1107"}],"wp:attachment":[{"href":"https:\/\/elternbeirat.flgblogs.de\/index.php?rest_route=%2Fwp%2Fv2%2Fmedia&parent=1106"}],"wp:term":[{"taxonomy":"category","embeddable":true,"href":"https:\/\/elternbeirat.flgblogs.de\/index.php?rest_route=%2Fwp%2Fv2%2Fcategories&post=1106"},{"taxonomy":"post_tag","embeddable":true,"href":"https:\/\/elternbeirat.flgblogs.de\/index.php?rest_route=%2Fwp%2Fv2%2Ftags&post=1106"}],"curies":[{"name":"wp","href":"https:\/\/api.w.org\/{rel}","templated":true}]}}