{"id":762,"date":"2023-09-17T19:02:49","date_gmt":"2023-09-17T19:02:49","guid":{"rendered":"http:\/\/elternbeirat.flgblogs.de\/?p=762"},"modified":"2023-09-17T19:02:49","modified_gmt":"2023-09-17T19:02:49","slug":"erster-schultag-begruessung-der-schuelerinnen-und-eltern-der-fuenften-klassen","status":"publish","type":"post","link":"http:\/\/elternbeirat.flgblogs.de\/?p=762","title":{"rendered":"Erster Schultag: Begr\u00fc\u00dfung der Sch\u00fcler:innen und Eltern der f\u00fcnften Klassen"},"content":{"rendered":"\n<p>Traditionell begr\u00fc\u00dft der Elternbeirat die Sch\u00fcler:innen und Eltern der neuen f\u00fcnften Klassen.<\/p>\n\n\n\n<figure class=\"wp-block-gallery columns-2 is-cropped wp-block-gallery-1 is-layout-flex wp-block-gallery-is-layout-flex\"><ul class=\"blocks-gallery-grid\"><li class=\"blocks-gallery-item\"><figure><img loading=\"lazy\" decoding=\"async\" width=\"576\" height=\"481\" src=\"http:\/\/elternbeirat.flgblogs.de\/wp-content\/uploads\/2023\/09\/threema-20230914-072924426.jpg-e1694876398354.jpeg\" alt=\"\" data-id=\"769\" data-full-url=\"http:\/\/elternbeirat.flgblogs.de\/wp-content\/uploads\/2023\/09\/threema-20230914-072924426.jpg-e1694876398354.jpeg\" data-link=\"http:\/\/elternbeirat.flgblogs.de\/?attachment_id=769\" class=\"wp-image-769\" srcset=\"http:\/\/elternbeirat.flgblogs.de\/wp-content\/uploads\/2023\/09\/threema-20230914-072924426.jpg-e1694876398354.jpeg 576w, http:\/\/elternbeirat.flgblogs.de\/wp-content\/uploads\/2023\/09\/threema-20230914-072924426.jpg-e1694876398354-300x251.jpeg 300w\" sizes=\"auto, (max-width: 576px) 100vw, 576px\" \/><\/figure><\/li><li class=\"blocks-gallery-item\"><figure><img loading=\"lazy\" decoding=\"async\" width=\"640\" height=\"480\" src=\"http:\/\/elternbeirat.flgblogs.de\/wp-content\/uploads\/2023\/09\/image-20230912-093829-1.jpeg\" alt=\"\" data-id=\"772\" data-full-url=\"http:\/\/elternbeirat.flgblogs.de\/wp-content\/uploads\/2023\/09\/image-20230912-093829-1.jpeg\" data-link=\"http:\/\/elternbeirat.flgblogs.de\/?attachment_id=772\" class=\"wp-image-772\" srcset=\"http:\/\/elternbeirat.flgblogs.de\/wp-content\/uploads\/2023\/09\/image-20230912-093829-1.jpeg 640w, http:\/\/elternbeirat.flgblogs.de\/wp-content\/uploads\/2023\/09\/image-20230912-093829-1-300x225.jpeg 300w\" sizes=\"auto, (max-width: 640px) 100vw, 640px\" \/><\/figure><\/li><\/ul><\/figure>\n\n\n\n<p>Zum zweiten Mal haben wir die Gelegenheit genutzt, die Eltern per kurzem Fragebogen nach den Gr\u00fcnden f\u00fcr die Schulwahl zu befragen. Das sind wertvolle R\u00fcckmeldungen f\u00fcr die Weiterentwicklung unserer Aktivit\u00e4ten in der Schulfamilie.<\/p>\n\n\n\n<figure class=\"wp-block-image size-large\"><img loading=\"lazy\" decoding=\"async\" width=\"1024\" height=\"692\" src=\"http:\/\/elternbeirat.flgblogs.de\/wp-content\/uploads\/2023\/09\/image-4-1024x692.png\" alt=\"\" class=\"wp-image-773\" srcset=\"http:\/\/elternbeirat.flgblogs.de\/wp-content\/uploads\/2023\/09\/image-4-1024x692.png 1024w, http:\/\/elternbeirat.flgblogs.de\/wp-content\/uploads\/2023\/09\/image-4-300x203.png 300w, http:\/\/elternbeirat.flgblogs.de\/wp-content\/uploads\/2023\/09\/image-4-768x519.png 768w, http:\/\/elternbeirat.flgblogs.de\/wp-content\/uploads\/2023\/09\/image-4-1140x770.png 1140w, http:\/\/elternbeirat.flgblogs.de\/wp-content\/uploads\/2023\/09\/image-4.png 1450w\" sizes=\"auto, (max-width: 1024px) 100vw, 1024px\" \/><\/figure>\n\n\n\n<p>In der offenen Rubrik im Fragebogen konnten die Eltern noch pers\u00f6nliche Gr\u00fcnde benennen. Hier eine kleine Auswahl der Aussagen:<\/p>\n\n\n\n<figure class=\"wp-block-table\"><table><tbody><tr><td>&#8222;Bauchgef\u00fchl&#8220; des Kindes + der Eltern nach Schulf\u00fchrungen, gute Information im Vorfeld + Dino Projekt<\/td><\/tr><\/tbody><\/table><\/figure>\n\n\n\n<figure class=\"wp-block-table\"><table><tbody><tr><td>Der tolle erste Eindruck am &#8222;Tag der offenen T\u00fcr&#8220;. Das famili\u00e4re Ambiente, das Engagement der Lehrerschaft und der Blick vom Kind aus.<\/td><\/tr><\/tbody><\/table><\/figure>\n\n\n\n<figure class=\"wp-block-table\"><table><tbody><tr><td>Angenehme Gr\u00f6\u00dfe, sympathische und offene Gespr\u00e4che, Ambition &amp; Konzeption der Schule (internationale Ausrichtung)<\/td><\/tr><\/tbody><\/table><\/figure>\n\n\n\n<figure class=\"wp-block-table\"><table><tbody><tr><td>Atmosph\u00e4re zw. allen Mitgliedern der Schulgemeinschaft; &#8222;Bauchgef\u00fchl&#8220; des Kindes<\/td><\/tr><\/tbody><\/table><\/figure>\n\n\n\n<p>Wir haben uns sehr \u00fcber die hohe Beteiligung gefeut und sehen uns nach den Ergebnissen der <a href=\"http:\/\/elternbeirat.flgblogs.de\/?p=680\" data-type=\"post\" data-id=\"680\">externen Evaluation<\/a> in unserer <a href=\"http:\/\/elternbeirat.flgblogs.de\/?p=715\" data-type=\"post\" data-id=\"715\">Arbeit<\/a> auch als Elternschaft best\u00e4tigt und in der Arbeit ermutigt.<\/p>\n\n\n\n<figure class=\"wp-block-gallery columns-2 is-cropped wp-block-gallery-2 is-layout-flex wp-block-gallery-is-layout-flex\"><ul class=\"blocks-gallery-grid\"><li class=\"blocks-gallery-item\"><figure><img loading=\"lazy\" decoding=\"async\" width=\"1024\" height=\"576\" src=\"http:\/\/elternbeirat.flgblogs.de\/wp-content\/uploads\/2023\/09\/threema-20230914-072924810.jpg.jpeg\" alt=\"\" data-id=\"771\" data-full-url=\"http:\/\/elternbeirat.flgblogs.de\/wp-content\/uploads\/2023\/09\/threema-20230914-072924810.jpg.jpeg\" data-link=\"http:\/\/elternbeirat.flgblogs.de\/?attachment_id=771\" class=\"wp-image-771\" srcset=\"http:\/\/elternbeirat.flgblogs.de\/wp-content\/uploads\/2023\/09\/threema-20230914-072924810.jpg.jpeg 1024w, http:\/\/elternbeirat.flgblogs.de\/wp-content\/uploads\/2023\/09\/threema-20230914-072924810.jpg-300x169.jpeg 300w, http:\/\/elternbeirat.flgblogs.de\/wp-content\/uploads\/2023\/09\/threema-20230914-072924810.jpg-768x432.jpeg 768w\" sizes=\"auto, (max-width: 1024px) 100vw, 1024px\" \/><\/figure><\/li><li class=\"blocks-gallery-item\"><figure><img loading=\"lazy\" decoding=\"async\" width=\"1024\" height=\"576\" src=\"http:\/\/elternbeirat.flgblogs.de\/wp-content\/uploads\/2023\/09\/threema-20230914-072924639.jpg.jpeg\" alt=\"\" data-id=\"770\" data-full-url=\"http:\/\/elternbeirat.flgblogs.de\/wp-content\/uploads\/2023\/09\/threema-20230914-072924639.jpg.jpeg\" data-link=\"http:\/\/elternbeirat.flgblogs.de\/?attachment_id=770\" class=\"wp-image-770\" srcset=\"http:\/\/elternbeirat.flgblogs.de\/wp-content\/uploads\/2023\/09\/threema-20230914-072924639.jpg.jpeg 1024w, http:\/\/elternbeirat.flgblogs.de\/wp-content\/uploads\/2023\/09\/threema-20230914-072924639.jpg-300x169.jpeg 300w, http:\/\/elternbeirat.flgblogs.de\/wp-content\/uploads\/2023\/09\/threema-20230914-072924639.jpg-768x432.jpeg 768w\" sizes=\"auto, (max-width: 1024px) 100vw, 1024px\" \/><\/figure><\/li><\/ul><\/figure>\n\n\n\n<p>Wir w\u00fcnschen allen Sch\u00fcler:innen und Eltern einen guten Start am Franz-Ludwig-Gymnasium und freuen uns auf das gemeinsame Agieren in der Schulfamilie.<\/p>\n","protected":false},"excerpt":{"rendered":"<p>Traditionell begr\u00fc\u00dft der Elternbeirat die Sch\u00fcler:innen und Eltern der neuen f\u00fcnften Klassen. Zum zweiten Mal haben wir die Gelegenheit genutzt, die Eltern per kurzem Fragebogen nach den Gr\u00fcnden f\u00fcr die Schulwahl zu befragen. Das sind wertvolle R\u00fcckmeldungen f\u00fcr die Weiterentwicklung unserer Aktivit\u00e4ten in der Schulfamilie. In der offenen Rubrik im Fragebogen konnten die Eltern noch pers\u00f6nliche Gr\u00fcnde benennen. Hier eine kleine Auswahl der Aussagen: &#8222;Bauchgef\u00fchl&#8220; des Kindes + der Eltern nach Schulf\u00fchrungen, gute Information im Vorfeld + Dino Projekt Der tolle erste Eindruck am &#8222;Tag der offenen T\u00fcr&#8220;. Das famili\u00e4re Ambiente, das Engagement der Lehrerschaft und der Blick vom Kind aus. Angenehme Gr\u00f6\u00dfe, sympathische und offene Gespr\u00e4che, Ambition &amp; Konzeption der Schule (internationale Ausrichtung) Atmosph\u00e4re zw. allen Mitgliedern der Schulgemeinschaft; &#8222;Bauchgef\u00fchl&#8220; des Kindes Wir haben uns sehr \u00fcber die hohe Beteiligung gefeut und sehen uns nach den Ergebnissen der externen Evaluation in unserer Arbeit auch als Elternschaft best\u00e4tigt und in der Arbeit ermutigt. Wir w\u00fcnschen allen Sch\u00fcler:innen und Eltern einen guten Start am Franz-Ludwig-Gymnasium und freuen uns auf das gemeinsame Agieren in der Schulfamilie.<\/p>\n","protected":false},"author":1,"featured_media":771,"comment_status":"open","ping_status":"open","sticky":false,"template":"","format":"standard","meta":{"footnotes":""},"categories":[51,8,7],"tags":[],"class_list":["post-762","post","type-post","status-publish","format-standard","has-post-thumbnail","hentry","category-ak-veranstaltungen","category-aktuelles","category-information"],"_links":{"self":[{"href":"http:\/\/elternbeirat.flgblogs.de\/index.php?rest_route=\/wp\/v2\/posts\/762","targetHints":{"allow":["GET"]}}],"collection":[{"href":"http:\/\/elternbeirat.flgblogs.de\/index.php?rest_route=\/wp\/v2\/posts"}],"about":[{"href":"http:\/\/elternbeirat.flgblogs.de\/index.php?rest_route=\/wp\/v2\/types\/post"}],"author":[{"embeddable":true,"href":"http:\/\/elternbeirat.flgblogs.de\/index.php?rest_route=\/wp\/v2\/users\/1"}],"replies":[{"embeddable":true,"href":"http:\/\/elternbeirat.flgblogs.de\/index.php?rest_route=%2Fwp%2Fv2%2Fcomments&post=762"}],"version-history":[{"count":5,"href":"http:\/\/elternbeirat.flgblogs.de\/index.php?rest_route=\/wp\/v2\/posts\/762\/revisions"}],"predecessor-version":[{"id":777,"href":"http:\/\/elternbeirat.flgblogs.de\/index.php?rest_route=\/wp\/v2\/posts\/762\/revisions\/777"}],"wp:featuredmedia":[{"embeddable":true,"href":"http:\/\/elternbeirat.flgblogs.de\/index.php?rest_route=\/wp\/v2\/media\/771"}],"wp:attachment":[{"href":"http:\/\/elternbeirat.flgblogs.de\/index.php?rest_route=%2Fwp%2Fv2%2Fmedia&parent=762"}],"wp:term":[{"taxonomy":"category","embeddable":true,"href":"http:\/\/elternbeirat.flgblogs.de\/index.php?rest_route=%2Fwp%2Fv2%2Fcategories&post=762"},{"taxonomy":"post_tag","embeddable":true,"href":"http:\/\/elternbeirat.flgblogs.de\/index.php?rest_route=%2Fwp%2Fv2%2Ftags&post=762"}],"curies":[{"name":"wp","href":"https:\/\/api.w.org\/{rel}","templated":true}]}}